{"id":46754,"date":"2018-10-22T09:22:46","date_gmt":"2018-10-22T14:22:46","guid":{"rendered":"http:\/\/visionpeninsular.com\/mid\/?p=46754"},"modified":"2018-10-22T09:22:46","modified_gmt":"2018-10-22T14:22:46","slug":"bajar-de-estable-a-negativa-la-perspectiva-de-pemex-encareceria-su-financiamiento-coldwell","status":"publish","type":"post","link":"https:\/\/visionpeninsular.com\/mid\/bajar-de-estable-a-negativa-la-perspectiva-de-pemex-encareceria-su-financiamiento-coldwell\/","title":{"rendered":"Bajar de estable a negativa la perspectiva de Pemex encarecer\u00eda su financiamiento: Coldwell"},"content":{"rendered":"<p>Jos\u00e9 C\u00e1rdenas<\/p>\n<p>Fuente: MVS<\/p>\n<p>El titular de la Secretar\u00eda de Energ\u00eda, Pedro Joaqu\u00edn Coldwell, advirti\u00f3 que la decisi\u00f3n de bajar de estable a negativa la perspectiva de Petr\u00f3leos Mexicanos (Pemex) asignada por la calificadora Fitch, puede encarecer su financiamiento.<\/p>\n<p>El funcionario federal, detall\u00f3 que si Pemex deja de percibir los d\u00f3lares de la exportaci\u00f3n de crudo, genera un desajuste financiero hacia el interior de la empresa, pues una parte importante de su deuda y del costo financiero que paga por esa deuda est\u00e1 en d\u00f3lares y eso puede provocar una baja en su calificaci\u00f3n como sucedi\u00f3 hoy con Fitch Raitings.<\/p>\n<p>En entrevista tras participar en el foro anual Aniq, el secretario tambi\u00e9n se\u00f1al\u00f3 que ser\u00eda un grave error para la econom\u00eda mexicana prohibir el fracking como lo propuso Andr\u00e9s Manuel L\u00f3pez Obrador, ya que esto mantendr\u00eda las importaciones del combustible y ser\u00eda un regalo para Texas.<\/p>\n<p>Sostuvo que este tema ya ha sido planteado de manera p\u00fablica al pr\u00f3ximo gobierno.<\/p>\n<p>Fuente: MVS<\/p>\n<div class='share-to-whatsapp-wrapper'><div class='share-on-whsp'>Share on: <\/div><a data-text='Bajar de estable a negativa la perspectiva de Pemex encarecer\u00eda su financiamiento: Coldwell' data-link='https:\/\/visionpeninsular.com\/mid\/bajar-de-estable-a-negativa-la-perspectiva-de-pemex-encareceria-su-financiamiento-coldwell\/' class='whatsapp-button whatsapp-share'>WhatsApp<\/a><div class='clear '><\/div><\/div>","protected":false},"excerpt":{"rendered":"<p>Jos\u00e9 C\u00e1rdenas Fuente: MVS El titular de la Secretar\u00eda de Energ\u00eda, Pedro Joaqu\u00edn Coldwell, advirti\u00f3 que la decisi\u00f3n de bajar de estable a negativa la perspectiva de Petr\u00f3leos Mexicanos (Pemex) asignada por la calificadora Fitch, puede encarecer su financiamiento. El funcionario federal, detall\u00f3 que si Pemex deja de percibir los d\u00f3lares de la exportaci\u00f3n de &hellip;<\/p>\n","protected":false},"author":5,"featured_media":46755,"comment_status":"open","ping_status":"open","sticky":false,"template":"","format":"standard","meta":{"_mi_skip_tracking":false},"categories":[50,37],"tags":[12998,12996,79,12997],"_links":{"self":[{"href":"https:\/\/visionpeninsular.com\/mid\/wp-json\/wp\/v2\/posts\/46754"}],"collection":[{"href":"https:\/\/visionpeninsular.com\/mid\/wp-json\/wp\/v2\/posts"}],"about":[{"href":"https:\/\/visionpeninsular.com\/mid\/wp-json\/wp\/v2\/types\/post"}],"author":[{"embeddable":true,"href":"https:\/\/visionpeninsular.com\/mid\/wp-json\/wp\/v2\/users\/5"}],"replies":[{"embeddable":true,"href":"https:\/\/visionpeninsular.com\/mid\/wp-json\/wp\/v2\/comments?post=46754"}],"version-history":[{"count":1,"href":"https:\/\/visionpeninsular.com\/mid\/wp-json\/wp\/v2\/posts\/46754\/revisions"}],"predecessor-version":[{"id":46756,"href":"https:\/\/visionpeninsular.com\/mid\/wp-json\/wp\/v2\/posts\/46754\/revisions\/46756"}],"wp:featuredmedia":[{"embeddable":true,"href":"https:\/\/visionpeninsular.com\/mid\/wp-json\/wp\/v2\/media\/46755"}],"wp:attachment":[{"href":"https:\/\/visionpeninsular.com\/mid\/wp-json\/wp\/v2\/media?parent=46754"}],"wp:term":[{"taxonomy":"category","embeddable":true,"href":"https:\/\/visionpeninsular.com\/mid\/wp-json\/wp\/v2\/categories?post=46754"},{"taxonomy":"post_tag","embeddable":true,"href":"https:\/\/visionpeninsular.com\/mid\/wp-json\/wp\/v2\/tags?post=46754"}],"curies":[{"name":"wp","href":"https:\/\/api.w.org\/{rel}","templated":true}]}}