{"id":46675,"date":"2018-10-19T09:21:16","date_gmt":"2018-10-19T14:21:16","guid":{"rendered":"http:\/\/visionpeninsular.com\/mid\/?p=46675"},"modified":"2018-10-19T09:21:16","modified_gmt":"2018-10-19T14:21:16","slug":"columna-por-la-espiral","status":"publish","type":"post","link":"https:\/\/visionpeninsular.com\/mid\/columna-por-la-espiral\/","title":{"rendered":"COLUMNA POR LA ESPIRAL"},"content":{"rendered":"<p>POR LA ESPIRAL<\/p>\n<p>Claudia Luna Palencia<\/p>\n<p>@claudialunapale<\/p>\n<p>El Diario de Coahuila<\/p>\n<p>-Estragos de la guerra comercial<\/p>\n<p>Hay diversos sectores a nivel mundial que est\u00e1n acusando ya los efectos de la guerra comercial de Trump, y eso que todav\u00eda es un plazo corto, por lo que el escenario se complica en tanto sigan vigentes las medidas an\u00f3malas.<\/p>\n<p>En M\u00e9xico, por ejemplo, el acero y el aluminio que con el Tratado de Libre Comercio (TLCAN) gozaban de cero impuestos, pasaron a gravarse con aranceles.<\/p>\n<p>Para Guillermo Vogel, l\u00edder de Canacero, hay una \u201cgrave situaci\u00f3n que afecta a nuestro sector industrial creada por la aplicaci\u00f3n de aranceles del 25% bajo la medida 232 impuesta por los EU\u201d.<\/p>\n<p>M\u00e9xico, reiter\u00f3 Vogel, no representa riesgo alguno de seguridad nacional para Estados Unidos, \u201cdicha medida artificial es francamente incongruente con los principios de libre comercio y es un precedente lesivo que vulnera el libre mercado de la regi\u00f3n\u201d.<\/p>\n<p>Como resultado del proteccionismo norteamericano, las exportaciones de acero de M\u00e9xico hacia Estados Unidos, han ca\u00eddo en un promedio del 30%, mientras que las de Estados Unidos\u00a0 a M\u00e9xico se han mantenido y en algunos productos han crecido, incrementando el d\u00e9ficit de dos billones de d\u00f3lares que M\u00e9xico tiene con el pa\u00eds vecino.<\/p>\n<p>En Espa\u00f1a, las padecimientos acontecen en el sector olivarero, desde hace meses atr\u00e1s sus productores traen una pugna con las autoridades comerciales estadounidenses debido a que les elevaron los aranceles para la aceituna de mesa que pasaron del 21.6% al 34.79 por ciento.<\/p>\n<p>Pr\u00e1cticamente, me explic\u00f3 Rafael S\u00e1nchez de Puerta, subdirector de Dcoop, con ello quedan \u201cfuera del mercado americano\u201d y les deja la opci\u00f3n de pelear a trav\u00e9s de la Uni\u00f3n Europea (UE) para conseguir una defensa ante la OMC y en segunda instancia, buscar otros mercados.<\/p>\n<p>Adem\u00e1s les ha creado distorsiones internas porque los productores traen un excedente de producci\u00f3n que seguramente afectar\u00e1 a la recogida de la oliva en la campa\u00f1a de 2018\/2019.<\/p>\n<p>Dcoop es el mayor grupo productor mundial de aceite de oliva virgen extra y de aceitunas de mesa, varias de sus cooperativas empiezan a resentirlo en sus balances contables, y es que \u201c50 millones de kilos de aceituna negra se han quedado sin salir este a\u00f1o\u201d.<\/p>\n<p>\u201cLas pol\u00edticas arancelarias de Trump contradicen todo lo que se hab\u00eda conseguido hasta ahora no s\u00f3lo en Estados Unidos sino a nivel mundial; todos hemos padecido problemas con otros\u00a0 pa\u00edses por diferencias con los costos de mano de obra, sin embargo, no contribuye a la globalizaci\u00f3n imponer aranceles y sanciones\u201d, me dijo el empresario.<\/p>\n<p>Entrevistado en su oficina de C\u00f3rdoba, S\u00e1nchez de Puerta, manifest\u00f3 su temor porque pueda desencadenarse a nivel mundial una espiral de acci\u00f3n y reacci\u00f3n: \u201cLo que hay que hacer es ser m\u00e1s competitivos, m\u00e1s eficientes y productivos\u201d.<\/p>\n<p>De la guerra comercial, refiri\u00f3 que en la UE\u00a0 la sensaci\u00f3n es de\u00a0 \u201camenaza\u00a0 constante\u201d y en especial hay cierto \u201cp\u00e1nico\u201d cuando Trump merodea la idea de subir los grav\u00e1menes a las importaciones de autom\u00f3viles.<\/p>\n<p>A COLACI\u00d3N<\/p>\n<p>Ni Estados Unidos se libra del efecto boomerang en una econom\u00eda altamente interrelacionada, vertebrada con cadenas de valor en diferentes pa\u00edses, con procesos deslocalizados geogr\u00e1ficamente:\u00a0 los productores de soja estadunidenses no ven aquello de \u201cganar, ganar y ganar\u201d,\u00a0 las exportaciones de soja a China han bajado un 1.2% en septiembre.<\/p>\n<p>El Departamento de Agricultura de Estados Unidos (USDA por sus siglas en ingl\u00e9s) advirti\u00f3 de un efecto en los inventarios de los productores locales \u201cque ser\u00e1n un 51% mayores de lo estimado un mes antes\u201d.<\/p>\n<p>En un editorial, Bloomberg, revel\u00f3 que la factura del proteccionismo estadounidense \u201cya afecta el valor de la producci\u00f3n agr\u00edcola de este pa\u00eds, tan s\u00f3lo los productores de soja perder\u00e1n al menos 3 mil 200 millones de d\u00f3lares durante la pr\u00f3xima temporada agr\u00edcola\u201d.<\/p>\n<p>Existen\u00a0 muchos m\u00e1s casos de\u00a0 c\u00f3mo el proteccionismo no ser\u00e1 nunca la mejor decisi\u00f3n,\u00a0 la Casa Blanca pretende ignorarlo obviando igualmente las lecciones del pasado, lo hace con cierto aire de superioridad arrojando a la aldea global sus primeros cubitos de hielo.<\/p>\n<p><em>Directora de Conexi\u00f3n Hispanoam\u00e9rica, economista experta en periodismo econ\u00f3mico y escritora de temas internacionales <\/em><\/p>\n<p>&nbsp;<\/p>\n<div class='share-to-whatsapp-wrapper'><div class='share-on-whsp'>Share on: <\/div><a data-text='COLUMNA POR LA ESPIRAL' data-link='https:\/\/visionpeninsular.com\/mid\/columna-por-la-espiral\/' class='whatsapp-button whatsapp-share'>WhatsApp<\/a><div class='clear '><\/div><\/div>","protected":false},"excerpt":{"rendered":"<p>POR LA ESPIRAL Claudia Luna Palencia @claudialunapale El Diario de Coahuila -Estragos de la guerra comercial Hay diversos sectores a nivel mundial que est\u00e1n acusando ya los efectos de la guerra comercial de Trump, y eso que todav\u00eda es un plazo corto, por lo que el escenario se complica en tanto sigan vigentes las medidas &hellip;<\/p>\n","protected":false},"author":5,"featured_media":46676,"comment_status":"open","ping_status":"open","sticky":false,"template":"","format":"standard","meta":{"_mi_skip_tracking":false},"categories":[44],"tags":[12965,115,12964,12963],"_links":{"self":[{"href":"https:\/\/visionpeninsular.com\/mid\/wp-json\/wp\/v2\/posts\/46675"}],"collection":[{"href":"https:\/\/visionpeninsular.com\/mid\/wp-json\/wp\/v2\/posts"}],"about":[{"href":"https:\/\/visionpeninsular.com\/mid\/wp-json\/wp\/v2\/types\/post"}],"author":[{"embeddable":true,"href":"https:\/\/visionpeninsular.com\/mid\/wp-json\/wp\/v2\/users\/5"}],"replies":[{"embeddable":true,"href":"https:\/\/visionpeninsular.com\/mid\/wp-json\/wp\/v2\/comments?post=46675"}],"version-history":[{"count":1,"href":"https:\/\/visionpeninsular.com\/mid\/wp-json\/wp\/v2\/posts\/46675\/revisions"}],"predecessor-version":[{"id":46677,"href":"https:\/\/visionpeninsular.com\/mid\/wp-json\/wp\/v2\/posts\/46675\/revisions\/46677"}],"wp:featuredmedia":[{"embeddable":true,"href":"https:\/\/visionpeninsular.com\/mid\/wp-json\/wp\/v2\/media\/46676"}],"wp:attachment":[{"href":"https:\/\/visionpeninsular.com\/mid\/wp-json\/wp\/v2\/media?parent=46675"}],"wp:term":[{"taxonomy":"category","embeddable":true,"href":"https:\/\/visionpeninsular.com\/mid\/wp-json\/wp\/v2\/categories?post=46675"},{"taxonomy":"post_tag","embeddable":true,"href":"https:\/\/visionpeninsular.com\/mid\/wp-json\/wp\/v2\/tags?post=46675"}],"curies":[{"name":"wp","href":"https:\/\/api.w.org\/{rel}","templated":true}]}}