{"id":46611,"date":"2018-10-18T07:24:19","date_gmt":"2018-10-18T12:24:19","guid":{"rendered":"http:\/\/visionpeninsular.com\/mid\/?p=46611"},"modified":"2018-10-18T07:24:19","modified_gmt":"2018-10-18T12:24:19","slug":"cumple-campeche-requisitos-para-obras-del-tren-maya-gobernador","status":"publish","type":"post","link":"https:\/\/visionpeninsular.com\/mid\/cumple-campeche-requisitos-para-obras-del-tren-maya-gobernador\/","title":{"rendered":"Cumple Campeche requisitos para obras del Tren Maya: Gobernador"},"content":{"rendered":"<p class=\"letter-capitular\">El gobernador <strong>Alejandro Moreno C\u00e1rdenas<\/strong> afirm\u00f3 que en la segunda reuni\u00f3n del <strong>proyecto Tren Maya<\/strong>, qued\u00f3 constancia de que Campeche es el estado que ha cumplido con todos los requisitos para iniciar la construcci\u00f3n de esa gran obra de infraestructura, en los tramos que le competen.<\/p>\n<p>En un comunicado, el mandatario estatal se\u00f1al\u00f3 que en la ruta Golfo se cuenta con 300 kil\u00f3metros de v\u00edas ya construidas, y para la ruta Selva <strong>habr\u00e1n de realizarse 257 kil\u00f3metros m\u00e1s, sin impactar el medio ambiente<\/strong> ya que se levantar\u00e1n por derechos de v\u00eda ya existentes de carreteras federales y estatales.<\/p>\n<p>Adem\u00e1s, dijo, a la par se desarrollar\u00e1 el programa de reforestaci\u00f3n Sembrando Vida, que contempla el cultivo de \u00e1rboles frutales y maderables.<\/p>\n<p>Indic\u00f3 que <strong>el proyecto recorrer\u00e1 en total ocho municipios<\/strong> y contar\u00e1 con siete estaciones: la primera se ubicar\u00e1 en Esc\u00e1rcega, que fungir\u00e1 como la entrada a la Pen\u00ednsula de Yucat\u00e1n; otra estar\u00e1 en Xpujil, una m\u00e1s se localizar\u00e1 cerca de la zona arqueol\u00f3gica de Calakmul y las dem\u00e1s en Candelaria, Seybaplaya, Campeche y Calkin\u00ed.<\/p>\n<p>Destac\u00f3 que por considerarse el lugar con la mejor ubicaci\u00f3n estrat\u00e9gica se estableci\u00f3 el compromiso de que Esc\u00e1rcega sea sede de los talleres y el centro de distribuci\u00f3n de trenes, para lo cual <strong>ya se cuenta con los terrenos donde se instalar\u00e1 dicha infraestructura.<\/strong><\/p>\n<p>Por otra parte, al referirse al Presupuesto de Egresos de la Federaci\u00f3n para el pr\u00f3ximo a\u00f1o, Moreno C\u00e1rdenas coment\u00f3 que <strong>se pretende ejercer un monto por 19 mil millones de pesos<\/strong> en diversas obras de infraestructura importantes para transformar al estado, como el libramiento de Ciudad del Carmen y la ampliaci\u00f3n de la carretera Campeche-Edzn\u00e1.<\/p>\n<p>Dijo que por ello intensificar\u00e1, en breve, gestiones ante los senadores y diputados federales, pues son quienes est\u00e1n directamente ligados con el Presupuesto de Egresos de la Federaci\u00f3n.<\/p>\n<div class='share-to-whatsapp-wrapper'><div class='share-on-whsp'>Share on: <\/div><a data-text='Cumple Campeche requisitos para obras del Tren Maya: Gobernador' data-link='https:\/\/visionpeninsular.com\/mid\/cumple-campeche-requisitos-para-obras-del-tren-maya-gobernador\/' class='whatsapp-button whatsapp-share'>WhatsApp<\/a><div class='clear '><\/div><\/div>","protected":false},"excerpt":{"rendered":"<p>El gobernador Alejandro Moreno C\u00e1rdenas afirm\u00f3 que en la segunda reuni\u00f3n del proyecto Tren Maya, qued\u00f3 constancia de que Campeche es el estado que ha cumplido con todos los requisitos para iniciar la construcci\u00f3n de esa gran obra de infraestructura, en los tramos que le competen. En un comunicado, el mandatario estatal se\u00f1al\u00f3 que en &hellip;<\/p>\n","protected":false},"author":1,"featured_media":46612,"comment_status":"open","ping_status":"open","sticky":false,"template":"","format":"standard","meta":{"_mi_skip_tracking":false},"categories":[46],"tags":[11798],"_links":{"self":[{"href":"https:\/\/visionpeninsular.com\/mid\/wp-json\/wp\/v2\/posts\/46611"}],"collection":[{"href":"https:\/\/visionpeninsular.com\/mid\/wp-json\/wp\/v2\/posts"}],"about":[{"href":"https:\/\/visionpeninsular.com\/mid\/wp-json\/wp\/v2\/types\/post"}],"author":[{"embeddable":true,"href":"https:\/\/visionpeninsular.com\/mid\/wp-json\/wp\/v2\/users\/1"}],"replies":[{"embeddable":true,"href":"https:\/\/visionpeninsular.com\/mid\/wp-json\/wp\/v2\/comments?post=46611"}],"version-history":[{"count":1,"href":"https:\/\/visionpeninsular.com\/mid\/wp-json\/wp\/v2\/posts\/46611\/revisions"}],"predecessor-version":[{"id":46613,"href":"https:\/\/visionpeninsular.com\/mid\/wp-json\/wp\/v2\/posts\/46611\/revisions\/46613"}],"wp:featuredmedia":[{"embeddable":true,"href":"https:\/\/visionpeninsular.com\/mid\/wp-json\/wp\/v2\/media\/46612"}],"wp:attachment":[{"href":"https:\/\/visionpeninsular.com\/mid\/wp-json\/wp\/v2\/media?parent=46611"}],"wp:term":[{"taxonomy":"category","embeddable":true,"href":"https:\/\/visionpeninsular.com\/mid\/wp-json\/wp\/v2\/categories?post=46611"},{"taxonomy":"post_tag","embeddable":true,"href":"https:\/\/visionpeninsular.com\/mid\/wp-json\/wp\/v2\/tags?post=46611"}],"curies":[{"name":"wp","href":"https:\/\/api.w.org\/{rel}","templated":true}]}}