{"id":46594,"date":"2018-10-17T22:18:25","date_gmt":"2018-10-18T03:18:25","guid":{"rendered":"http:\/\/visionpeninsular.com\/mid\/?p=46594"},"modified":"2018-10-17T22:53:19","modified_gmt":"2018-10-18T03:53:19","slug":"recordaron-los-65-anos-del-derecho-al-voto-de-las-mujeres","status":"publish","type":"post","link":"https:\/\/visionpeninsular.com\/mid\/recordaron-los-65-anos-del-derecho-al-voto-de-las-mujeres\/","title":{"rendered":"Recordaron los 65 a\u00f1os del derecho al voto de las mujeres"},"content":{"rendered":"<p>Organizado por AMISY\u00a0 en coordinaci\u00f3n con el Ayuntamiento de M\u00e9rida que preside el licenciado Ren\u00e1n Barrera Concha,\u00a0 se llev\u00f3 a cabo el d\u00eda de hoy en el Centro Cultural Olimpo, un evento conmemorativo por los 65 a\u00f1os de la\u00a0 \u00a0inclusi\u00f3n\u00a0 de las mujeres\u00a0 en el \u00e1mbito pol\u00edtico que les dio el derecho a votar y ser votadas y ser reconocidas como ciudadanas.<\/p>\n<p>Dicho evento consisti\u00f3 en una mesa panel integrada por la maestra Mar\u00eda Eugenia N\u00fa\u00f1ez Zapata, representante de la Asociaci\u00f3n Mujeres Todas, Ashanti Caballero, en representaci\u00f3n de Mujeres de Primera, licenciadas Fabiola Garc\u00eda y Diana Canto Moreno, la primera Directora del Instituto Municipal de la Mujer y S\u00edndico Municipal, respectivamente.<\/p>\n<p>Se presentaron dos videos, el primero, dedicado a la lucha feminista a lo largo del pa\u00eds, destacando los momentos m\u00e1s importantes del proceso de lucha por \u00a0la participaci\u00f3n activa de las mujeres en la vida p\u00fablica y pol\u00edtica del pa\u00eds; y el segundo, dedicado totalmente a la tarea de las feministas yucatecas por conseguir su espacio de libertad, expresi\u00f3n y su derecho a intervenir en la vida pol\u00edtica de la entidad, destacando la maestra Rosa Torre, como la primera mujer electa diputada del pa\u00eds, as\u00ed como a Raquel Dzib Cicero, Beatriz Peniche Barrera y Elvia Carrillo Puerto, quien fuera la organizadora del Primer Congreso Feminista que se llev\u00f3 a cabo en 1916.<\/p>\n<p>En su momento, las panelistas se refirieron a \u00e9stas y otras importantes mujeres que destacaron a lo largo de un siglo de lucha por los derechos de las mujeres, que al fin se concret\u00f3 al obtener\u00a0 el voto en 1953.<\/p>\n<p>Y es ahora, despu\u00e9s de m\u00e1s de 100 a\u00f1os de lucha, y a 65 a\u00f1os del hecho hist\u00f3rico de dar a la mujer categor\u00eda ciudadana, que en el Senado de la Rep\u00fablica se logra la Paridad y el d\u00eda de hoy hay 20 comisiones dirigidas por MUJERES que demostraron que cuando las mujeres se unen, lo pueden TodoTodo.<a href=\"http:\/\/visionpeninsular.com\/mid\/wp-content\/uploads\/2018\/10\/paridad-en-el-senado.jpg\"><img loading=\"lazy\" class=\"alignnone size-medium wp-image-46600\" src=\"http:\/\/visionpeninsular.com\/mid\/wp-content\/uploads\/2018\/10\/paridad-en-el-senado-300x225.jpg\" alt=\"\" width=\"300\" height=\"225\" srcset=\"https:\/\/visionpeninsular.com\/mid\/wp-content\/uploads\/2018\/10\/paridad-en-el-senado-300x225.jpg 300w, https:\/\/visionpeninsular.com\/mid\/wp-content\/uploads\/2018\/10\/paridad-en-el-senado-768x576.jpg 768w, https:\/\/visionpeninsular.com\/mid\/wp-content\/uploads\/2018\/10\/paridad-en-el-senado-1024x768.jpg 1024w, https:\/\/visionpeninsular.com\/mid\/wp-content\/uploads\/2018\/10\/paridad-en-el-senado.jpg 1280w\" sizes=\"(max-width: 300px) 100vw, 300px\" \/><\/a><\/p>\n<p>&nbsp;<\/p>\n<p>Agradecemos al Ayuntamiento de M\u00e9rida todas las facilidades y atenciones prestadas para llevar a cabo esta actividad.<\/p>\n<div class='share-to-whatsapp-wrapper'><div class='share-on-whsp'>Share on: <\/div><a data-text='Recordaron los 65 a\u00f1os del derecho al voto de las mujeres' data-link='https:\/\/visionpeninsular.com\/mid\/recordaron-los-65-anos-del-derecho-al-voto-de-las-mujeres\/' class='whatsapp-button whatsapp-share'>WhatsApp<\/a><div class='clear '><\/div><\/div>","protected":false},"excerpt":{"rendered":"<p>Organizado por AMISY\u00a0 en coordinaci\u00f3n con el Ayuntamiento de M\u00e9rida que preside el licenciado Ren\u00e1n Barrera Concha,\u00a0 se llev\u00f3 a cabo el d\u00eda de hoy en el Centro Cultural Olimpo, un evento conmemorativo por los 65 a\u00f1os de la\u00a0 \u00a0inclusi\u00f3n\u00a0 de las mujeres\u00a0 en el \u00e1mbito pol\u00edtico que les dio el derecho a votar y &hellip;<\/p>\n","protected":false},"author":5,"featured_media":46595,"comment_status":"open","ping_status":"open","sticky":false,"template":"","format":"standard","meta":{"_mi_skip_tracking":false},"categories":[50,37],"tags":[12920,12932,12933],"_links":{"self":[{"href":"https:\/\/visionpeninsular.com\/mid\/wp-json\/wp\/v2\/posts\/46594"}],"collection":[{"href":"https:\/\/visionpeninsular.com\/mid\/wp-json\/wp\/v2\/posts"}],"about":[{"href":"https:\/\/visionpeninsular.com\/mid\/wp-json\/wp\/v2\/types\/post"}],"author":[{"embeddable":true,"href":"https:\/\/visionpeninsular.com\/mid\/wp-json\/wp\/v2\/users\/5"}],"replies":[{"embeddable":true,"href":"https:\/\/visionpeninsular.com\/mid\/wp-json\/wp\/v2\/comments?post=46594"}],"version-history":[{"count":5,"href":"https:\/\/visionpeninsular.com\/mid\/wp-json\/wp\/v2\/posts\/46594\/revisions"}],"predecessor-version":[{"id":46602,"href":"https:\/\/visionpeninsular.com\/mid\/wp-json\/wp\/v2\/posts\/46594\/revisions\/46602"}],"wp:featuredmedia":[{"embeddable":true,"href":"https:\/\/visionpeninsular.com\/mid\/wp-json\/wp\/v2\/media\/46595"}],"wp:attachment":[{"href":"https:\/\/visionpeninsular.com\/mid\/wp-json\/wp\/v2\/media?parent=46594"}],"wp:term":[{"taxonomy":"category","embeddable":true,"href":"https:\/\/visionpeninsular.com\/mid\/wp-json\/wp\/v2\/categories?post=46594"},{"taxonomy":"post_tag","embeddable":true,"href":"https:\/\/visionpeninsular.com\/mid\/wp-json\/wp\/v2\/tags?post=46594"}],"curies":[{"name":"wp","href":"https:\/\/api.w.org\/{rel}","templated":true}]}}