{"id":4659,"date":"2016-06-03T08:07:04","date_gmt":"2016-06-03T13:07:04","guid":{"rendered":"http:\/\/visionpeninsular.com\/mid\/?p=4659"},"modified":"2016-06-03T08:07:04","modified_gmt":"2016-06-03T13:07:04","slug":"se-supervisa-el-funcionamiento-de-los-comedores-comunitarios-en-chekubul-y-plan-de-ayala","status":"publish","type":"post","link":"https:\/\/visionpeninsular.com\/mid\/se-supervisa-el-funcionamiento-de-los-comedores-comunitarios-en-chekubul-y-plan-de-ayala\/","title":{"rendered":"Se supervisa el funcionamiento de los comedores comunitarios en Chekubul y Plan de Ayala"},"content":{"rendered":"<p style=\"line-height: 19.5pt;background: white;vertical-align: baseline;margin: 0cm 0cm 22.5pt 0cm\"><span style=\"font-family: 'Arial',sans-serif;color: #444444\">El delegado de la Secretar\u00eda de Desarrollo Social Christian Castro Bello recorri\u00f3 los comedores comunitarios localizados en Chekubul y Plan de Ayala. Esto fue parte de los recorridos y supervisiones a la infraestructura social.<\/span><\/p>\n<p style=\"line-height: 19.5pt;background: white;vertical-align: baseline;margin: 0cm 0cm 22.5pt 0cm\"><span style=\"font-family: 'Arial',sans-serif;color: #444444\">Mencion\u00f3 que el prop\u00f3sito es conocer y verificar el buen funcionamiento de esos espacios de alimentaci\u00f3n que operan dentro del Comit\u00e9 Comunitario de la Cruzada Nacional Contra el Hambre.<\/span><\/p>\n<p style=\"line-height: 19.5pt;background: white;vertical-align: baseline;margin: 0cm 0cm 22.5pt 0cm\"><span style=\"font-family: 'Arial',sans-serif;color: #444444\">Lo acompa\u00f1aron por el delegado de Prospera, Vicente Cruz Ram\u00edrez, y del gerente estatal de Liconsa, Alonso Pacheco Uc\u00e1n.<\/span><\/p>\n<p style=\"line-height: 19.5pt;background: white;vertical-align: baseline;margin: 0cm 0cm 22.5pt 0cm\"><span style=\"font-family: 'Arial',sans-serif;color: #444444\">Castro Bello convivi\u00f3 con los beneficiarios, en su mayor\u00eda ni\u00f1as, ni\u00f1os y adolescentes, adem\u00e1s aprovech\u00f3 para platicar con el personal a cargo de los comedores que involucra a Liconsa y Diconsa para el abasto.<\/span><\/p>\n<p style=\"line-height: 19.5pt;background: white;vertical-align: baseline;text-align: start;margin: 0cm 0cm 22.5pt 0cm\"><span style=\"font-family: 'Arial',sans-serif;color: #444444\">Dijo que habr\u00e1 cambios importantes para los comedores que opera SEDESOL en todo el pa\u00eds, debido a que el Presidente Enrique Pe\u00f1a Nieto anuncio que se fortalecer\u00e1 la infraestructura y ser\u00e1n no solo lugares de alimentaci\u00f3n, sino que tambi\u00e9n ser\u00e1n lugares de esparcimiento, pl\u00e1ticas sobre salud y capacitaci\u00f3n para el trabajo.<\/span><\/p>\n<p style=\"line-height: 19.5pt;background: white;vertical-align: baseline;margin: 0cm 0cm 22.5pt 0cm\"><span style=\"font-family: 'Arial',sans-serif;color: #444444\">Agreg\u00f3 que, mediante el Programa Comedores Comunitarios, se pretende incrementar el acceso a alimentos en los territorios urbanos y rurales ubicados en Zonas de Atenci\u00f3n Prioritaria (ZAP).<\/span><\/p>\n<p style=\"line-height: 19.5pt;background: white;vertical-align: baseline;text-align: start;margin: 0cm 0cm 22.5pt 0cm\"><span style=\"font-family: 'Arial',sans-serif;color: #444444\">\u201cEn total hay nueve, dos en Carmen y siete en Candelaria, en este \u00faltimo municipio se encuentran en El Desenga\u00f1o, La Esmeralda, Benito Ju\u00e1rez I, El Naranjo, Miguel de la Madrid, Miguel Hidalgo y Rancher\u00eda San Juan\u201d, detall\u00f3.<\/span><\/p>\n<p style=\"line-height: 19.5pt;background: white;vertical-align: baseline;text-align: start;margin: 0cm 0cm 22.5pt 0cm\"><span style=\"font-family: 'Arial',sans-serif;color: #444444\">A\u00f1adi\u00f3 que, mediante esos comedores comunitarios, se da atenci\u00f3n a mil 108 personas, en su mayor\u00eda menores de edad.<\/span><\/p>\n<div class='share-to-whatsapp-wrapper'><div class='share-on-whsp'>Share on: <\/div><a data-text='Se supervisa el funcionamiento de los comedores comunitarios en Chekubul y Plan de Ayala' data-link='https:\/\/visionpeninsular.com\/mid\/se-supervisa-el-funcionamiento-de-los-comedores-comunitarios-en-chekubul-y-plan-de-ayala\/' class='whatsapp-button whatsapp-share'>WhatsApp<\/a><div class='clear '><\/div><\/div>","protected":false},"excerpt":{"rendered":"<p>El delegado de la Secretar\u00eda de Desarrollo Social Christian Castro Bello recorri\u00f3 los comedores comunitarios localizados en Chekubul y Plan de Ayala. Esto fue parte de los recorridos y supervisiones a la infraestructura social. Mencion\u00f3 que el prop\u00f3sito es conocer y verificar el buen funcionamiento de esos espacios de alimentaci\u00f3n que operan dentro del Comit\u00e9 &hellip;<\/p>\n","protected":false},"author":3,"featured_media":4660,"comment_status":"open","ping_status":"open","sticky":false,"template":"","format":"standard","meta":{"_mi_skip_tracking":false},"categories":[38,46],"tags":[986,987],"_links":{"self":[{"href":"https:\/\/visionpeninsular.com\/mid\/wp-json\/wp\/v2\/posts\/4659"}],"collection":[{"href":"https:\/\/visionpeninsular.com\/mid\/wp-json\/wp\/v2\/posts"}],"about":[{"href":"https:\/\/visionpeninsular.com\/mid\/wp-json\/wp\/v2\/types\/post"}],"author":[{"embeddable":true,"href":"https:\/\/visionpeninsular.com\/mid\/wp-json\/wp\/v2\/users\/3"}],"replies":[{"embeddable":true,"href":"https:\/\/visionpeninsular.com\/mid\/wp-json\/wp\/v2\/comments?post=4659"}],"version-history":[{"count":1,"href":"https:\/\/visionpeninsular.com\/mid\/wp-json\/wp\/v2\/posts\/4659\/revisions"}],"predecessor-version":[{"id":4661,"href":"https:\/\/visionpeninsular.com\/mid\/wp-json\/wp\/v2\/posts\/4659\/revisions\/4661"}],"wp:featuredmedia":[{"embeddable":true,"href":"https:\/\/visionpeninsular.com\/mid\/wp-json\/wp\/v2\/media\/4660"}],"wp:attachment":[{"href":"https:\/\/visionpeninsular.com\/mid\/wp-json\/wp\/v2\/media?parent=4659"}],"wp:term":[{"taxonomy":"category","embeddable":true,"href":"https:\/\/visionpeninsular.com\/mid\/wp-json\/wp\/v2\/categories?post=4659"},{"taxonomy":"post_tag","embeddable":true,"href":"https:\/\/visionpeninsular.com\/mid\/wp-json\/wp\/v2\/tags?post=4659"}],"curies":[{"name":"wp","href":"https:\/\/api.w.org\/{rel}","templated":true}]}}