{"id":46498,"date":"2018-10-16T07:17:43","date_gmt":"2018-10-16T12:17:43","guid":{"rendered":"http:\/\/visionpeninsular.com\/mid\/?p=46498"},"modified":"2018-10-16T07:17:43","modified_gmt":"2018-10-16T12:17:43","slug":"todos-por-iva-del-8-e-isr-del-20-en-quintana-roo","status":"publish","type":"post","link":"https:\/\/visionpeninsular.com\/mid\/todos-por-iva-del-8-e-isr-del-20-en-quintana-roo\/","title":{"rendered":"Todos por IVA del 8% e ISR del 20% en Quintana Roo"},"content":{"rendered":"<p>El sector empresarial de Quintana Roo, en especial el aglutinado en la Zona Norte, mostr\u00f3 su benepl\u00e1cito para que Chetumal vuelva a contar con una Zona Libre para impulsar su econom\u00eda, adem\u00e1s de que se cobre un Impuesto al Valor Agregado (IVA), del 16 al 8% y un Impuesto Sobre la Renta (ISR), del 30 al 20%.<\/p>\n<p>Esto ser\u00e1 a principios de este a\u00f1o, seg\u00fan anunci\u00f3 el presidente electo Andr\u00e9s Manuel L\u00f3pez Obrador una vez que quede blindada fiscalmente la Zona Norte del pa\u00eds,\u00a0 para que no baje tan dr\u00e1sticamente la recaudaci\u00f3n a nivel nacional.<\/p>\n<p>No obstante para el empresariado del estado, el logro obtenido en Chetumal, debe extenderse a todo el estado, por lo que buscar\u00e1n junto con el gobernador Carlos Joaqu\u00edn Gonz\u00e1lez, para que el IVA del 8 % lo mismo que el ISR al 20%.<\/p>\n<p>La presidenta del Consejo Coordinador Empresarial del Caribe (CCEC), Inna Germ\u00e1n G\u00f3mez\u00a0 expuso que\u00a0 la disminuci\u00f3n del ISR es lo que m\u00e1s les preocupa y ocupa. \u201cEsa acci\u00f3n busca beneficios directos a trav\u00e9s de algunos cambios en su raz\u00f3n social es inevitable\u201d.<\/p>\n<p>Reiter\u00f3 que el tema que m\u00e1s preocupa al empresariado es el ISR, por lo que durante la reuni\u00f3n mensual del CCEC, se estudiar\u00e1n los planteamientos que present\u00f3 AMLO, adem\u00e1s de admitir que muchas empresas tratar\u00e1n entrar a este esquema de pagar menos.<\/p>\n<div class='share-to-whatsapp-wrapper'><div class='share-on-whsp'>Share on: <\/div><a data-text='Todos por IVA del 8% e ISR del 20% en Quintana Roo' data-link='https:\/\/visionpeninsular.com\/mid\/todos-por-iva-del-8-e-isr-del-20-en-quintana-roo\/' class='whatsapp-button whatsapp-share'>WhatsApp<\/a><div class='clear '><\/div><\/div>","protected":false},"excerpt":{"rendered":"<p>El sector empresarial de Quintana Roo, en especial el aglutinado en la Zona Norte, mostr\u00f3 su benepl\u00e1cito para que Chetumal vuelva a contar con una Zona Libre para impulsar su econom\u00eda, adem\u00e1s de que se cobre un Impuesto al Valor Agregado (IVA), del 16 al 8% y un Impuesto Sobre la Renta (ISR), del 30 &hellip;<\/p>\n","protected":false},"author":1,"featured_media":46500,"comment_status":"open","ping_status":"open","sticky":false,"template":"","format":"standard","meta":{"_mi_skip_tracking":false},"categories":[48],"tags":[323],"_links":{"self":[{"href":"https:\/\/visionpeninsular.com\/mid\/wp-json\/wp\/v2\/posts\/46498"}],"collection":[{"href":"https:\/\/visionpeninsular.com\/mid\/wp-json\/wp\/v2\/posts"}],"about":[{"href":"https:\/\/visionpeninsular.com\/mid\/wp-json\/wp\/v2\/types\/post"}],"author":[{"embeddable":true,"href":"https:\/\/visionpeninsular.com\/mid\/wp-json\/wp\/v2\/users\/1"}],"replies":[{"embeddable":true,"href":"https:\/\/visionpeninsular.com\/mid\/wp-json\/wp\/v2\/comments?post=46498"}],"version-history":[{"count":1,"href":"https:\/\/visionpeninsular.com\/mid\/wp-json\/wp\/v2\/posts\/46498\/revisions"}],"predecessor-version":[{"id":46501,"href":"https:\/\/visionpeninsular.com\/mid\/wp-json\/wp\/v2\/posts\/46498\/revisions\/46501"}],"wp:featuredmedia":[{"embeddable":true,"href":"https:\/\/visionpeninsular.com\/mid\/wp-json\/wp\/v2\/media\/46500"}],"wp:attachment":[{"href":"https:\/\/visionpeninsular.com\/mid\/wp-json\/wp\/v2\/media?parent=46498"}],"wp:term":[{"taxonomy":"category","embeddable":true,"href":"https:\/\/visionpeninsular.com\/mid\/wp-json\/wp\/v2\/categories?post=46498"},{"taxonomy":"post_tag","embeddable":true,"href":"https:\/\/visionpeninsular.com\/mid\/wp-json\/wp\/v2\/tags?post=46498"}],"curies":[{"name":"wp","href":"https:\/\/api.w.org\/{rel}","templated":true}]}}