{"id":4648,"date":"2016-06-02T12:31:38","date_gmt":"2016-06-02T17:31:38","guid":{"rendered":"http:\/\/visionpeninsular.com\/mid\/?p=4648"},"modified":"2016-06-02T12:31:38","modified_gmt":"2016-06-02T17:31:38","slug":"campeche-esta-listo-para-ser-un-estado-de-crecimiento-y-en-desarrollo-dice-gobernador-alejandro-moreno-cardenas","status":"publish","type":"post","link":"https:\/\/visionpeninsular.com\/mid\/campeche-esta-listo-para-ser-un-estado-de-crecimiento-y-en-desarrollo-dice-gobernador-alejandro-moreno-cardenas\/","title":{"rendered":"Campeche est\u00e1 listo para ser un Estado de crecimiento y en desarrollo, dice Gobernador Alejandro Moreno C\u00e1rdenas"},"content":{"rendered":"<p style=\"line-height: 19.5pt;background: white;vertical-align: baseline;margin: 0cm 0cm 22.5pt 0cm\"><span style=\"font-size: 11.0pt;font-family: 'Arial',sans-serif;color: #444444\">El gobernador Alejandro Moreno C\u00e1rdenas, asegur\u00f3 que el estado est\u00e1 listo para el crecimiento y desarrollo econ\u00f3mico que se impulse a trav\u00e9s de proyectos. Asegur\u00f3 que trabaja en su primer informe el cual ser\u00e1 realista y congruente con los avances obtenidos.<\/span><\/p>\n<p style=\"line-height: 19.5pt;background: white;vertical-align: baseline;margin: 0cm 0cm 22.5pt 0cm\"><span style=\"font-size: 11.0pt;font-family: 'Arial',sans-serif;color: #444444\">Dijo que se trabaja en equipo con Campeche y Tabasco, para que en el corto y mediano plazo se puedan desarrollar m\u00e1s inversiones e infraestructura, a fin de fortalecer a la entidad.<\/span><\/p>\n<p style=\"line-height: 19.5pt;background: white;vertical-align: baseline;margin: 0cm 0cm 22.5pt 0cm\"><span style=\"font-size: 11.0pt;font-family: 'Arial',sans-serif;color: #444444\">Mencion\u00f3 que esto permitir\u00e1 que haya m\u00e1s empleos e infraestructura, pero sobre todo detonar\u00e1 al Estado que tanta falta le hace y que hoy tiene la oportunidad de alcanzar.<\/span><\/p>\n<p style=\"line-height: 19.5pt;background: white;vertical-align: baseline;margin: 0cm 0cm 22.5pt 0cm\"><span style=\"font-size: 11.0pt;font-family: 'Arial',sans-serif;color: #444444\">A\u00f1adi\u00f3 que prueba de ello es la apertura de los 10 mil kil\u00f3metros cuadrados de la zona de restricci\u00f3n, con lo cual se va a ampliar la zona de captura de las embarcaciones.<\/span><\/p>\n<p style=\"line-height: 19.5pt;background: white;vertical-align: baseline;text-align: start;margin: 0cm 0cm 22.5pt 0cm\"><span style=\"font-size: 11.0pt;font-family: 'Arial',sans-serif;color: #444444\">De los proyectos para traducirlos en realidades, Moreno C\u00e1rdenas asegur\u00f3 que ya se finiquitan.<\/span><\/p>\n<p style=\"line-height: 19.5pt;background: white;vertical-align: baseline;margin: 0cm 0cm 22.5pt 0cm\"><span style=\"font-size: 11.0pt;font-family: 'Arial',sans-serif;color: #444444\">Indic\u00f3 que se avanza paralelamente a la generaci\u00f3n del trabajo y la gesti\u00f3n para ser incluidos como Zona Econ\u00f3mica Especial. Hizo un reconocimiento al Congreso de la Uni\u00f3n, a los senadores, diputados federales, por su trabajo y por su apoyo.<\/span><\/p>\n<p style=\"line-height: 19.5pt;background: white;vertical-align: baseline;text-align: start;margin: 0cm 0cm 22.5pt 0cm\"><span style=\"font-size: 11.0pt;font-family: 'Arial',sans-serif;color: #444444\">Incluso dijo que hay inter\u00e9s de empresarios para construir, invertir y fomentar la infraestructura del sector energ\u00e9tico, pero respetando el medio ambiente.<\/span><\/p>\n<p style=\"line-height: 19.5pt;background: white;vertical-align: baseline;text-align: start;margin: 0cm 0cm 22.5pt 0cm\"><span style=\"font-size: 11.0pt;font-family: 'Arial',sans-serif;color: #444444\">Indic\u00f3 que cada una de las dependencias federales, van a presentar proyectos, desarrollos, trabajar con los empresarios y garantizar la seguridad.<\/span><\/p>\n<p style=\"line-height: 19.5pt;background: white;vertical-align: baseline;text-align: start;margin: 0cm 0cm 22.5pt 0cm\"><span style=\"font-size: 11.0pt;font-family: 'Arial',sans-serif;color: #444444\">En cuanto a su primer informe, Moreno C\u00e1rdenas dijo que se Integra el documento que ser\u00e1 presentado. Dijo que ser\u00e1 un informe realista donde se dar\u00e1 a conocer lo que se ha hecho en conjunto, los tres \u00f3rdenes de Gobierno, federal, estatal y municipal con avances como la zona Econ\u00f3mica Especial, la apertura de los 10 mil kil\u00f3metros, la inversi\u00f3n para este a\u00f1o de m\u00e1s de 830 millones de pesos en infraestructura educativa para modernizar 626 escuelas.<\/span><\/p>\n<div class='share-to-whatsapp-wrapper'><div class='share-on-whsp'>Share on: <\/div><a data-text='Campeche est\u00e1 listo para ser un Estado de crecimiento y en desarrollo, dice Gobernador Alejandro Moreno C\u00e1rdenas' data-link='https:\/\/visionpeninsular.com\/mid\/campeche-esta-listo-para-ser-un-estado-de-crecimiento-y-en-desarrollo-dice-gobernador-alejandro-moreno-cardenas\/' class='whatsapp-button whatsapp-share'>WhatsApp<\/a><div class='clear '><\/div><\/div>","protected":false},"excerpt":{"rendered":"<p>El gobernador Alejandro Moreno C\u00e1rdenas, asegur\u00f3 que el estado est\u00e1 listo para el crecimiento y desarrollo econ\u00f3mico que se impulse a trav\u00e9s de proyectos. Asegur\u00f3 que trabaja en su primer informe el cual ser\u00e1 realista y congruente con los avances obtenidos. Dijo que se trabaja en equipo con Campeche y Tabasco, para que en el &hellip;<\/p>\n","protected":false},"author":3,"featured_media":4649,"comment_status":"open","ping_status":"open","sticky":false,"template":"","format":"standard","meta":{"_mi_skip_tracking":false},"categories":[38,46],"tags":[984,983],"_links":{"self":[{"href":"https:\/\/visionpeninsular.com\/mid\/wp-json\/wp\/v2\/posts\/4648"}],"collection":[{"href":"https:\/\/visionpeninsular.com\/mid\/wp-json\/wp\/v2\/posts"}],"about":[{"href":"https:\/\/visionpeninsular.com\/mid\/wp-json\/wp\/v2\/types\/post"}],"author":[{"embeddable":true,"href":"https:\/\/visionpeninsular.com\/mid\/wp-json\/wp\/v2\/users\/3"}],"replies":[{"embeddable":true,"href":"https:\/\/visionpeninsular.com\/mid\/wp-json\/wp\/v2\/comments?post=4648"}],"version-history":[{"count":1,"href":"https:\/\/visionpeninsular.com\/mid\/wp-json\/wp\/v2\/posts\/4648\/revisions"}],"predecessor-version":[{"id":4650,"href":"https:\/\/visionpeninsular.com\/mid\/wp-json\/wp\/v2\/posts\/4648\/revisions\/4650"}],"wp:featuredmedia":[{"embeddable":true,"href":"https:\/\/visionpeninsular.com\/mid\/wp-json\/wp\/v2\/media\/4649"}],"wp:attachment":[{"href":"https:\/\/visionpeninsular.com\/mid\/wp-json\/wp\/v2\/media?parent=4648"}],"wp:term":[{"taxonomy":"category","embeddable":true,"href":"https:\/\/visionpeninsular.com\/mid\/wp-json\/wp\/v2\/categories?post=4648"},{"taxonomy":"post_tag","embeddable":true,"href":"https:\/\/visionpeninsular.com\/mid\/wp-json\/wp\/v2\/tags?post=4648"}],"curies":[{"name":"wp","href":"https:\/\/api.w.org\/{rel}","templated":true}]}}