{"id":46441,"date":"2018-10-14T11:53:31","date_gmt":"2018-10-14T16:53:31","guid":{"rendered":"http:\/\/visionpeninsular.com\/mid\/?p=46441"},"modified":"2018-10-14T11:53:31","modified_gmt":"2018-10-14T16:53:31","slug":"comite-vigilara-asignacion-de-plazas-magisteriales","status":"publish","type":"post","link":"https:\/\/visionpeninsular.com\/mid\/comite-vigilara-asignacion-de-plazas-magisteriales\/","title":{"rendered":"Comit\u00e9 vigilar\u00e1 asignaci\u00f3n de plazas magisteriales"},"content":{"rendered":"<p>Ante maestros yucatecos, el gobernador Mauricio Vila Dosal asegur\u00f3 que para atender los retos educativos que se presentan en Yucat\u00e1n y ofrecer una ense\u00f1anza de calidad el pilar fundamental son los profesores, por lo que ofreci\u00f3 que los trabajadores de la educaci\u00f3n recibir\u00e1n durante su administraci\u00f3n un trato digno.<\/p>\n<p>Durante la clausura el Foro de Consulta Estatal Participativa \u201cPor un Acuerdo Nacional Sobre la Educaci\u00f3n\u201d, el mandatario se\u00f1al\u00f3 que los educadores son los promotores activos que transmiten el conocimiento a trav\u00e9s de su trabajo y esfuerzo diario, pues ellos est\u00e1n comprometidos con su profesi\u00f3n y por eso procuraremos que reciban un trato digno de la Secretar\u00eda de Educaci\u00f3n del estado (Segey).<\/p>\n<p>En presencia del pr\u00f3ximo titular de la Secretar\u00eda de Educaci\u00f3n P\u00fablica (SEP), Estaban Moctezuma Barrag\u00e1n, el titular del Poder Ejecutivo instruy\u00f3 a la secretaria estatal del ramo, Loreto Villanueva Trujillo, a atender las necesidades de los profesores y hacer que los Centros de Desarrollo Educativo (Cedes) funcionen como deben ser y resuelvan los problemas de los maestros, \u201cpara ello vamos a poner un tiempo\u201d.<\/p>\n<p>\u201cHay problemas que a nosotros nos compete resolver, a los maestros se les eval\u00faa y por eso a los funcionarios de la Segey tambi\u00e9n los vamos a evaluar, dos o tres encuestas anuales entre los docentes para ver si le solucionaron sus problemas\u201d, expres\u00f3 el mandatario ante la aprobaci\u00f3n de los profesores presentes en el foro, que tuvo como sede el Polif\u00f3rum Zamn\u00e1 de esta capital.<\/p>\n<p>Luego de remarcar que los educandos yucatecos recibir\u00e1n durante su gobierno todas las herramientas que contribuyan a mejorar su desempe\u00f1o profesional, ofreci\u00e9ndoles acompa\u00f1amiento t\u00e9cnico y acad\u00e9mico con apoyo tecnol\u00f3gico, Vila Dosal refiri\u00f3 que respetar\u00e1n sus derechos como trabajadores y mejorar\u00e1n sus condiciones laborales a trav\u00e9s la creaci\u00f3n de un Comit\u00e9 de Transparencia encargado de vigilar el otorgamiento de plazas y horas asignadas.<\/p>\n<p>\u201cEn este comit\u00e9 lo que vamos a tener es a los maestros representados, a la Universidad Aut\u00f3noma de Yucat\u00e1n (UADY) y a las organizaciones de la sociedad civil, para que se den las plazas a la gente que lo merezca y se lo haya ganado y no a los amigos y compadres\u201d, asever\u00f3.<\/p>\n<p>En ese marco, el mandatario tambi\u00e9n mencion\u00f3 la ampliaci\u00f3n del n\u00famero de escuelas que presten atenci\u00f3n en Educaci\u00f3n Especial, Psicolog\u00eda y en Nutrici\u00f3n, la revisi\u00f3n de las condiciones mediante las cuales se dan las compensaciones, a efectuar el pago del bono por el D\u00eda del Maestro y el fortalecimiento de las escuelas Normales para que de ellas sigan egresando los maestros mejor preparados y m\u00e1s comprometidos con la educaci\u00f3n.<\/p>\n<p>La educaci\u00f3n en Yucat\u00e1n est\u00e1 basada en los maestros, porque tenemos a los mejores de todo el pa\u00eds. Por eso aqu\u00ed el pr\u00f3ximo gobierno federal tendr\u00e1 un aliado para combatir las carencias en materia de educaci\u00f3n e iremos muy de la mano, en equipo, a trabajar fuerte para apoyar a los maestros y presidentes municipales, porque vamos a cambiar las cosas, finaliz\u00f3.<\/p>\n<p>En su turno, Moctezuma Barrag\u00e1n mencion\u00f3 que construir un acuerdo educativo representa la gran oportunidad de M\u00e9xico para hacer de la educaci\u00f3n un derecho aut\u00e9ntico y no un privilegio, \u201cporque es m\u00e1s importante lo que vamos a construir que lo que se cay\u00f3, la educaci\u00f3n es capaz de impulsar una nueva cultura pol\u00edtica sustentada en valores universales, rescate de la dignidad, vigencia y honorabilidad de lo p\u00fabico, contenidos ausentes del modelo actual\u201d.<\/p>\n<p>\u201cEl mejor veh\u00edculo para lograr la igualdad social es la educaci\u00f3n. Ella hace posible que los maestros y maestras sean verdaderos agentes de cambio, revalorados, esforzados y participativos, porque si queremos un pa\u00eds sin violencia y con cultura de paz, tejido social sano, productivo, incluyente y justo, juntos construyamos la catedral del conocimiento, aprendizaje y justicia que ser\u00e1 la nueva escuela mexicana\u201d, manifest\u00f3.<\/p>\n<p>Luego del acto de clausura, Vila Dosal atendi\u00f3 de manera personal las solicitudes de varios docentes y afirm\u00f3 que en cada caso se escuchar\u00e1, dialogar\u00e1 y har\u00e1 respetar la ley.<\/p>\n<p>&nbsp;<\/p>\n<p>&nbsp;<\/p>\n<div class='share-to-whatsapp-wrapper'><div class='share-on-whsp'>Share on: <\/div><a data-text='Comit\u00e9 vigilar\u00e1 asignaci\u00f3n de plazas magisteriales' data-link='https:\/\/visionpeninsular.com\/mid\/comite-vigilara-asignacion-de-plazas-magisteriales\/' class='whatsapp-button whatsapp-share'>WhatsApp<\/a><div class='clear '><\/div><\/div>","protected":false},"excerpt":{"rendered":"<p>Ante maestros yucatecos, el gobernador Mauricio Vila Dosal asegur\u00f3 que para atender los retos educativos que se presentan en Yucat\u00e1n y ofrecer una ense\u00f1anza de calidad el pilar fundamental son los profesores, por lo que ofreci\u00f3 que los trabajadores de la educaci\u00f3n recibir\u00e1n durante su administraci\u00f3n un trato digno. Durante la clausura el Foro de &hellip;<\/p>\n","protected":false},"author":5,"featured_media":46442,"comment_status":"open","ping_status":"open","sticky":false,"template":"","format":"standard","meta":{"_mi_skip_tracking":false},"categories":[50,37],"tags":[12891,12890,12889],"_links":{"self":[{"href":"https:\/\/visionpeninsular.com\/mid\/wp-json\/wp\/v2\/posts\/46441"}],"collection":[{"href":"https:\/\/visionpeninsular.com\/mid\/wp-json\/wp\/v2\/posts"}],"about":[{"href":"https:\/\/visionpeninsular.com\/mid\/wp-json\/wp\/v2\/types\/post"}],"author":[{"embeddable":true,"href":"https:\/\/visionpeninsular.com\/mid\/wp-json\/wp\/v2\/users\/5"}],"replies":[{"embeddable":true,"href":"https:\/\/visionpeninsular.com\/mid\/wp-json\/wp\/v2\/comments?post=46441"}],"version-history":[{"count":1,"href":"https:\/\/visionpeninsular.com\/mid\/wp-json\/wp\/v2\/posts\/46441\/revisions"}],"predecessor-version":[{"id":46443,"href":"https:\/\/visionpeninsular.com\/mid\/wp-json\/wp\/v2\/posts\/46441\/revisions\/46443"}],"wp:featuredmedia":[{"embeddable":true,"href":"https:\/\/visionpeninsular.com\/mid\/wp-json\/wp\/v2\/media\/46442"}],"wp:attachment":[{"href":"https:\/\/visionpeninsular.com\/mid\/wp-json\/wp\/v2\/media?parent=46441"}],"wp:term":[{"taxonomy":"category","embeddable":true,"href":"https:\/\/visionpeninsular.com\/mid\/wp-json\/wp\/v2\/categories?post=46441"},{"taxonomy":"post_tag","embeddable":true,"href":"https:\/\/visionpeninsular.com\/mid\/wp-json\/wp\/v2\/tags?post=46441"}],"curies":[{"name":"wp","href":"https:\/\/api.w.org\/{rel}","templated":true}]}}