{"id":46176,"date":"2018-10-09T18:59:27","date_gmt":"2018-10-09T23:59:27","guid":{"rendered":"http:\/\/visionpeninsular.com\/mid\/?p=46176"},"modified":"2018-10-09T18:59:27","modified_gmt":"2018-10-09T23:59:27","slug":"primer-rector-que-asume-el-cargo-utp","status":"publish","type":"post","link":"https:\/\/visionpeninsular.com\/mid\/primer-rector-que-asume-el-cargo-utp\/","title":{"rendered":"Primer Rector que asume el cargo: UTP"},"content":{"rendered":"<p>Al mediod\u00eda del lunes 08 de octubre\u00a0 se llev\u00f3 a cabo el proceso de entrega recepci\u00f3n de la Universidad Tecnol\u00f3gica del Poniente con sede en la ciudad de Maxcan\u00fa. La Dra. Roxana\u00a0 Alp\u00edzar Rodr\u00edguez recibi\u00f3\u00a0 de manera cordial en la oficina de la rector\u00eda al Lic. V\u00edctor Marav\u00e9 para iniciar el proceso de entrega-recepci\u00f3n,\u00a0 en un ambiente de cordialidad,\u00a0 en la cual asisti\u00f3 el alumnado de la casa de estudios.<\/p>\n<p>La Dra. Roxana Alpizar Rodr\u00edguez se despidi\u00f3 de los universitarios y del personal que labora en la universidad. Posteriormente se hicieron los tr\u00e1mites correspondientes de ley\u00a0 para dar cumplimiento del nombramiento como nuevo rector realizado por el gobernador constitucional del estado de Yucat\u00e1n\u00a0 Mauricio Vila Dosal en las facultades que le confiere la ley.<\/p>\n<p>El Lic. V\u00edctor Marav\u00e9 realiz\u00f3 un recorrido acompa\u00f1ado de la Dra. Alpizar Rodr\u00edguez\u00a0 en las instalaciones de la magna casa de estudios, para despu\u00e9s reunirse en el auditorio de la escuela con el alumnado, personal acad\u00e9mico, administrativo y manual. Posteriormente\u00a0 posaron para la foto oficial, el nuevo rector y la rectora saliente. El plantel educativo tiene una matr\u00edcula de 480 alumnos y entr\u00f3 en operaciones en agosto del 2011.<\/p>\n<p>&nbsp;<\/p>\n<div class='share-to-whatsapp-wrapper'><div class='share-on-whsp'>Share on: <\/div><a data-text='Primer Rector que asume el cargo: UTP' data-link='https:\/\/visionpeninsular.com\/mid\/primer-rector-que-asume-el-cargo-utp\/' class='whatsapp-button whatsapp-share'>WhatsApp<\/a><div class='clear '><\/div><\/div>","protected":false},"excerpt":{"rendered":"<p>Al mediod\u00eda del lunes 08 de octubre\u00a0 se llev\u00f3 a cabo el proceso de entrega recepci\u00f3n de la Universidad Tecnol\u00f3gica del Poniente con sede en la ciudad de Maxcan\u00fa. La Dra. Roxana\u00a0 Alp\u00edzar Rodr\u00edguez recibi\u00f3\u00a0 de manera cordial en la oficina de la rector\u00eda al Lic. V\u00edctor Marav\u00e9 para iniciar el proceso de entrega-recepci\u00f3n,\u00a0 en &hellip;<\/p>\n","protected":false},"author":5,"featured_media":46177,"comment_status":"open","ping_status":"open","sticky":false,"template":"","format":"standard","meta":{"_mi_skip_tracking":false},"categories":[50,37],"tags":[12810,12812,12811],"_links":{"self":[{"href":"https:\/\/visionpeninsular.com\/mid\/wp-json\/wp\/v2\/posts\/46176"}],"collection":[{"href":"https:\/\/visionpeninsular.com\/mid\/wp-json\/wp\/v2\/posts"}],"about":[{"href":"https:\/\/visionpeninsular.com\/mid\/wp-json\/wp\/v2\/types\/post"}],"author":[{"embeddable":true,"href":"https:\/\/visionpeninsular.com\/mid\/wp-json\/wp\/v2\/users\/5"}],"replies":[{"embeddable":true,"href":"https:\/\/visionpeninsular.com\/mid\/wp-json\/wp\/v2\/comments?post=46176"}],"version-history":[{"count":1,"href":"https:\/\/visionpeninsular.com\/mid\/wp-json\/wp\/v2\/posts\/46176\/revisions"}],"predecessor-version":[{"id":46178,"href":"https:\/\/visionpeninsular.com\/mid\/wp-json\/wp\/v2\/posts\/46176\/revisions\/46178"}],"wp:featuredmedia":[{"embeddable":true,"href":"https:\/\/visionpeninsular.com\/mid\/wp-json\/wp\/v2\/media\/46177"}],"wp:attachment":[{"href":"https:\/\/visionpeninsular.com\/mid\/wp-json\/wp\/v2\/media?parent=46176"}],"wp:term":[{"taxonomy":"category","embeddable":true,"href":"https:\/\/visionpeninsular.com\/mid\/wp-json\/wp\/v2\/categories?post=46176"},{"taxonomy":"post_tag","embeddable":true,"href":"https:\/\/visionpeninsular.com\/mid\/wp-json\/wp\/v2\/tags?post=46176"}],"curies":[{"name":"wp","href":"https:\/\/api.w.org\/{rel}","templated":true}]}}