{"id":46145,"date":"2018-10-08T21:55:11","date_gmt":"2018-10-09T02:55:11","guid":{"rendered":"http:\/\/visionpeninsular.com\/mid\/?p=46145"},"modified":"2018-10-08T21:55:11","modified_gmt":"2018-10-09T02:55:11","slug":"caballos-caleseros-competencia-del-gobierno-estatal","status":"publish","type":"post","link":"https:\/\/visionpeninsular.com\/mid\/caballos-caleseros-competencia-del-gobierno-estatal\/","title":{"rendered":"Caballos caleseros, competencia del gobierno estatal."},"content":{"rendered":"<p>El secretario de Participaci\u00f3n Ciudadana de la Comuna, Julio Sauma Castillo, afirm\u00f3 que el Ayuntamiento no ser\u00eda el que decida si se retira o no a las calesas con caballos en M\u00e9rida, pues al tratarse de un tema de transporte, tendr\u00eda que ser el gobierno estatal quien atienda el asunto.<\/p>\n<p>El funcionario municipal,\u00a0 se\u00f1al\u00f3 que este tema es parte de las propuestas que los \u00a0ciudadanos han aportado para ser abordado dentro del Plan Municipal de Desarrollo, aunque, la intervenci\u00f3n de \u00a0la autoridad municipal ser\u00eda \u00fanicamente como \u00a0mediador para atender las necesidades de quienes proponen evitar usar calesas con caballos y quienes se dedican a esta labor.<\/p>\n<p>\u201cEn el tema del transporte, aunque este es algo m\u00e1s tradicional y tur\u00edstico, el tema lo tiene el gobierno del estado. Nosotros coadyuvaremos a impulsar nuevos mecanismos que permitan la posibilidad de garantizar las mejores condiciones de la fauna en la ciudad pero tambi\u00e9n que puedan contribuir a la actividad econ\u00f3mica que tienen estas personas\u201d, explic\u00f3.<\/p>\n<p>\u201cAl Ayuntamiento quiz\u00e1 no le tocar\u00eda decidir sin van o no las calesas con caballos, \u00a0pero s\u00ed poner las bases para encontrar una soluci\u00f3n\u201d, extern\u00f3.<\/p>\n<p>Los defensores de los animales hicieron la propuesta de reemplazar las calesas tiradas por caballos por otras el\u00e9ctricas, la cual se hizo llegar a la Comuna, quien ofreci\u00f3 analizarla, aunque los conductores de estos carros se opusieron rotundamente a la medida.<\/p>\n<p>Durante la apertura de la plataforma \u201cDecide M\u00e9rida\u201d, en la que se hizo acopio de propuestas ciudadanas para elaborar el Plan Municipal de Desarrollo, se recabaron varias propuestas de este tipo, las cuales ser\u00edan analizadas en las mesas tem\u00e1ticas que iniciaron labores hoy, aunque parece ser que el asunto no entra dentro de las atribuciones de la autoridad municipal.<\/p>\n<p>Sauma Castillo remarc\u00f3 que en el caso de los aurigas, son prestadores de servicio particulares que tienen toda la libertad de mejorar sus condiciones, por lo que insisti\u00f3 que tocar\u00e1 a la Comuna sentar las bases y servir de intermediario con alternativas para ayudar a los involucrados.<\/p>\n<p>Precis\u00f3 que \u00a0las propuestas que recibi\u00f3 la Comuna para el plan de desarrollo, \u00a0fueron unas mil 200 de las que la mitad lleg\u00f3 en los puntos ubicados para ello y el resto por internet; se\u00f1al\u00f3 que las propuestas ser\u00e1n clasificadas en seis ejes, los cuales realizar\u00e1n tres sesiones de trabajo esta semana para hacer sus conclusiones, agrupando por tem\u00e1tica los asuntos abordados.<\/p>\n<p>\u201cLa tem\u00e1tica del medio ambiente fue la que m\u00e1s temas tuvo, aunque tambi\u00e9n tuvimos varias en el tema econ\u00f3mico y tur\u00edstico, as\u00ed como servicios p\u00fablicos y vialidad\u201d, mencion\u00f3.<\/p>\n<p>\u201cEstamos a la tarea de revisar las propuestas que llegaron. Ahora estaremos identificando si son de facultad municipal, si tienen viabilidad tanto t\u00e9cnica como econ\u00f3mica\u201d, agreg\u00f3.<\/p>\n<p>Las mesas de trabajo estar\u00e1n vigentes hasta el 12 de octubre, pues se espera que el documento del Plan Municipal de Desarrollo quede listo en unas 3 semanas y luego pasar\u00e1 a Cabildo, quien har\u00e1 las \u00a0modificaciones si as\u00ed lo consideran.<\/p>\n<p>El m\u00e1ximo para concluir con este trabajo es de 90 d\u00edas, aunque se espera que est\u00e9 listo antes de ese tiempo.<\/p>\n<div class='share-to-whatsapp-wrapper'><div class='share-on-whsp'>Share on: <\/div><a data-text='Caballos caleseros, competencia del gobierno estatal.' data-link='https:\/\/visionpeninsular.com\/mid\/caballos-caleseros-competencia-del-gobierno-estatal\/' class='whatsapp-button whatsapp-share'>WhatsApp<\/a><div class='clear '><\/div><\/div>","protected":false},"excerpt":{"rendered":"<p>El secretario de Participaci\u00f3n Ciudadana de la Comuna, Julio Sauma Castillo, afirm\u00f3 que el Ayuntamiento no ser\u00eda el que decida si se retira o no a las calesas con caballos en M\u00e9rida, pues al tratarse de un tema de transporte, tendr\u00eda que ser el gobierno estatal quien atienda el asunto. El funcionario municipal,\u00a0 se\u00f1al\u00f3 que &hellip;<\/p>\n","protected":false},"author":5,"featured_media":46146,"comment_status":"open","ping_status":"open","sticky":false,"template":"","format":"standard","meta":{"_mi_skip_tracking":false},"categories":[50,37],"tags":[12804,12805],"_links":{"self":[{"href":"https:\/\/visionpeninsular.com\/mid\/wp-json\/wp\/v2\/posts\/46145"}],"collection":[{"href":"https:\/\/visionpeninsular.com\/mid\/wp-json\/wp\/v2\/posts"}],"about":[{"href":"https:\/\/visionpeninsular.com\/mid\/wp-json\/wp\/v2\/types\/post"}],"author":[{"embeddable":true,"href":"https:\/\/visionpeninsular.com\/mid\/wp-json\/wp\/v2\/users\/5"}],"replies":[{"embeddable":true,"href":"https:\/\/visionpeninsular.com\/mid\/wp-json\/wp\/v2\/comments?post=46145"}],"version-history":[{"count":1,"href":"https:\/\/visionpeninsular.com\/mid\/wp-json\/wp\/v2\/posts\/46145\/revisions"}],"predecessor-version":[{"id":46147,"href":"https:\/\/visionpeninsular.com\/mid\/wp-json\/wp\/v2\/posts\/46145\/revisions\/46147"}],"wp:featuredmedia":[{"embeddable":true,"href":"https:\/\/visionpeninsular.com\/mid\/wp-json\/wp\/v2\/media\/46146"}],"wp:attachment":[{"href":"https:\/\/visionpeninsular.com\/mid\/wp-json\/wp\/v2\/media?parent=46145"}],"wp:term":[{"taxonomy":"category","embeddable":true,"href":"https:\/\/visionpeninsular.com\/mid\/wp-json\/wp\/v2\/categories?post=46145"},{"taxonomy":"post_tag","embeddable":true,"href":"https:\/\/visionpeninsular.com\/mid\/wp-json\/wp\/v2\/tags?post=46145"}],"curies":[{"name":"wp","href":"https:\/\/api.w.org\/{rel}","templated":true}]}}