{"id":46138,"date":"2018-10-09T05:45:41","date_gmt":"2018-10-09T10:45:41","guid":{"rendered":"http:\/\/visionpeninsular.com\/mid\/?p=46138"},"modified":"2018-10-08T21:28:55","modified_gmt":"2018-10-09T02:28:55","slug":"fundacion-lanza-convocatoria-para-cursos-propedeuticos","status":"publish","type":"post","link":"https:\/\/visionpeninsular.com\/mid\/fundacion-lanza-convocatoria-para-cursos-propedeuticos\/","title":{"rendered":"Fundaci\u00f3n lanza convocatoria para cursos proped\u00e9uticos"},"content":{"rendered":"<p>Con cuatros sedes para inscripciones, la Fundaci\u00f3n Juventud y Educaci\u00f3n anunci\u00f3 la convocatoria de la VIII Edici\u00f3n de los Cursos Proped\u00e9uticos para brindar asesor\u00edas acad\u00e9micas a los j\u00f3venes a que aspiran presentar el examen de ingreso al bachillerato (EXANI-I) y a educaci\u00f3n superior (EXANI-II), se\u00f1al\u00f3 el presidente honorario de la organizaci\u00f3n, Felipe Ortiz Compa\u00f1, quien dijo que este programa \u00a0surgi\u00f3 para apoyar la econom\u00eda familiar de estudiantes que desean seguir estudiando, se mantiene.<\/p>\n<p>\u201cEl valor comercial de los proped\u00e9uticos este a\u00f1o oscila entre los 3,500 y 9,700 pesos en centros de asesor\u00edas. Es por ello que padres y madres de familia, as\u00ed como alumnos nos han solicitado continuar con este esquema que surgi\u00f3 como una iniciativa de un grupo de j\u00f3venes\u201d explic\u00f3.<\/p>\n<p>El tambi\u00e9n rector de la Universidad Privada de la Pen\u00ednsula (UPP) inform\u00f3 que el cupo es limitado y las inscripciones se cierran el 26 de octubre por lo que los interesados pueden acudir a las cuatros sedes para registrarse.<\/p>\n<p>Los cuatro espacios de atenci\u00f3n funcionan de lunes a s\u00e1bado de 10 de la ma\u00f1ana a 3 de la tarde en los siguientes lugares: Caf\u00e9 Punta del Cielo en calle 63 entre 60 y 62, Centro de Estudios Superiores de la CTM en Avenida Fidel Vel\u00e1zquez, UPP en Av. Jacinto Canek\u00a0 No 739 por 106 y en las oficinas de la fundaci\u00f3n ubicadas en calle 50 entre 55 y 55 c No. 383 del fraccionamiento Francisco de Montejo.<\/p>\n<p>Los requisitos de la convocatoria son: ser estudiante que ingrese al bachillerato, universidad, tecnol\u00f3gico o escuela normal superior; dirigir una carta a la fundaci\u00f3n con la autorizaci\u00f3n del padre o tutor y la copia de la credencial de elector del mismo. De igual manera, cubrir una cuota de recuperaci\u00f3n de 500 pesos.<\/p>\n<p>\u201cLa cuota es para otorgar el apoyo de transporte y alimentaci\u00f3n a las maestras y maestros que ofrecer\u00e1n las clases todos los s\u00e1bados e inician el 8 de diciembre\u201d detall\u00f3 Ortiz Compa\u00f1.<\/p>\n<p>Para mayores informes pueden consultar en la p\u00e1gina de Facebook Fundaci\u00f3n Juventud y Educaci\u00f3n y a los tel\u00e9fonos 9995284435, 9992352644 Y 9993709927.<\/p>\n<div class='share-to-whatsapp-wrapper'><div class='share-on-whsp'>Share on: <\/div><a data-text='Fundaci\u00f3n lanza convocatoria para cursos proped\u00e9uticos' data-link='https:\/\/visionpeninsular.com\/mid\/fundacion-lanza-convocatoria-para-cursos-propedeuticos\/' class='whatsapp-button whatsapp-share'>WhatsApp<\/a><div class='clear '><\/div><\/div>","protected":false},"excerpt":{"rendered":"<p>Con cuatros sedes para inscripciones, la Fundaci\u00f3n Juventud y Educaci\u00f3n anunci\u00f3 la convocatoria de la VIII Edici\u00f3n de los Cursos Proped\u00e9uticos para brindar asesor\u00edas acad\u00e9micas a los j\u00f3venes a que aspiran presentar el examen de ingreso al bachillerato (EXANI-I) y a educaci\u00f3n superior (EXANI-II), se\u00f1al\u00f3 el presidente honorario de la organizaci\u00f3n, Felipe Ortiz Compa\u00f1, quien &hellip;<\/p>\n","protected":false},"author":5,"featured_media":46139,"comment_status":"open","ping_status":"open","sticky":false,"template":"","format":"standard","meta":{"_mi_skip_tracking":false},"categories":[50,37],"tags":[394,12802,10008,12801],"_links":{"self":[{"href":"https:\/\/visionpeninsular.com\/mid\/wp-json\/wp\/v2\/posts\/46138"}],"collection":[{"href":"https:\/\/visionpeninsular.com\/mid\/wp-json\/wp\/v2\/posts"}],"about":[{"href":"https:\/\/visionpeninsular.com\/mid\/wp-json\/wp\/v2\/types\/post"}],"author":[{"embeddable":true,"href":"https:\/\/visionpeninsular.com\/mid\/wp-json\/wp\/v2\/users\/5"}],"replies":[{"embeddable":true,"href":"https:\/\/visionpeninsular.com\/mid\/wp-json\/wp\/v2\/comments?post=46138"}],"version-history":[{"count":1,"href":"https:\/\/visionpeninsular.com\/mid\/wp-json\/wp\/v2\/posts\/46138\/revisions"}],"predecessor-version":[{"id":46140,"href":"https:\/\/visionpeninsular.com\/mid\/wp-json\/wp\/v2\/posts\/46138\/revisions\/46140"}],"wp:featuredmedia":[{"embeddable":true,"href":"https:\/\/visionpeninsular.com\/mid\/wp-json\/wp\/v2\/media\/46139"}],"wp:attachment":[{"href":"https:\/\/visionpeninsular.com\/mid\/wp-json\/wp\/v2\/media?parent=46138"}],"wp:term":[{"taxonomy":"category","embeddable":true,"href":"https:\/\/visionpeninsular.com\/mid\/wp-json\/wp\/v2\/categories?post=46138"},{"taxonomy":"post_tag","embeddable":true,"href":"https:\/\/visionpeninsular.com\/mid\/wp-json\/wp\/v2\/tags?post=46138"}],"curies":[{"name":"wp","href":"https:\/\/api.w.org\/{rel}","templated":true}]}}