{"id":46051,"date":"2018-10-06T13:45:01","date_gmt":"2018-10-06T18:45:01","guid":{"rendered":"http:\/\/visionpeninsular.com\/mid\/?p=46051"},"modified":"2018-10-06T13:45:01","modified_gmt":"2018-10-06T18:45:01","slug":"detienen-a-presunto-feminicida-de-la-joven-hallada-en-baldio","status":"publish","type":"post","link":"https:\/\/visionpeninsular.com\/mid\/detienen-a-presunto-feminicida-de-la-joven-hallada-en-baldio\/","title":{"rendered":"Detienen a presunto feminicida de la joven hallada en bald\u00edo"},"content":{"rendered":"<p>De acuerdo con datos extraoficiales, el feminicida de la joven encontrada sin vida ayer en un terreno bald\u00edo en el oriente de la ciudad, ha sido detenido tras un operativo policial.<\/p>\n<p>La joven, contaba con 16 a\u00f1os de edad, y al parecer fue ultimada por su ex pareja A.V.G., de aproximadamente la misma edad, con quien habr\u00eda procreado una ni\u00f1a de tres a\u00f1os de edad.<\/p>\n<p>Hasta el momento, se desconoce el m\u00f3vil del feminicidio de B.L.B., que cualquiera que hubiese sido, no justifica el asesinato de una mujer, que viene a sumarse como el quinto ocurrido este a\u00f1o, entre los que se cuentan el de la peque\u00f1a ni\u00f1a de Tahdziu, de apenas 6 a\u00f1os de edad en lo que viene a ser el primer caso de feminicidio infantil, y considerando la edad de la joven hallada ayer, tambi\u00e9n es menor de edad.<\/p>\n<p>El d\u00eda de ayer, tambi\u00e9n, al feminicidio de esta joven, se sum\u00f3 la agresi\u00f3n a una jovencita a la que golpearon y dejaron tirada en un \u00e1rea verde de Altabrisa, que de no haber sido descubierta por las personas que a esa hora se ejercitan en dicho parque, quiz\u00e1s hubiese tenido fatales consecuencias; del caso de Altabrisa, \u00a0no se ha sabido si hay abierta alguna carpeta de investigaci\u00f3n o se sospecha o se sabe qui\u00e9n o qui\u00e9nes fueron sus agresores.<\/p>\n<p>Es la lamentable la ola de violencia desatada en contra de las mujeres en los \u00faltimos d\u00edas; la violencia de g\u00e9nero debe ser cortada de ra\u00edz; urge que se hagan las investigaciones correctas y se aplique la ley y se castigue a los culpables c\u00f3mo exige la justicia y la memoria de qui\u00e9nes han ca\u00eddo bajo la fuerza de la violencia machista.<\/p>\n<p>\u00a1EXIGIMOS JUSTICIA PARA LAS V\u00cdCTIMAS DE FEMINICIDIO! \u00a1NI UNA MUERTA M\u00c1S POR VIOLENCIA DE G\u00c9NERO!<\/p>\n<p>&nbsp;<\/p>\n<p>&nbsp;<\/p>\n<div class='share-to-whatsapp-wrapper'><div class='share-on-whsp'>Share on: <\/div><a data-text='Detienen a presunto feminicida de la joven hallada en bald\u00edo' data-link='https:\/\/visionpeninsular.com\/mid\/detienen-a-presunto-feminicida-de-la-joven-hallada-en-baldio\/' class='whatsapp-button whatsapp-share'>WhatsApp<\/a><div class='clear '><\/div><\/div>","protected":false},"excerpt":{"rendered":"<p>De acuerdo con datos extraoficiales, el feminicida de la joven encontrada sin vida ayer en un terreno bald\u00edo en el oriente de la ciudad, ha sido detenido tras un operativo policial. La joven, contaba con 16 a\u00f1os de edad, y al parecer fue ultimada por su ex pareja A.V.G., de aproximadamente la misma edad, con &hellip;<\/p>\n","protected":false},"author":5,"featured_media":46053,"comment_status":"open","ping_status":"open","sticky":false,"template":"","format":"standard","meta":{"_mi_skip_tracking":false},"categories":[50,37],"tags":[12767,12768],"_links":{"self":[{"href":"https:\/\/visionpeninsular.com\/mid\/wp-json\/wp\/v2\/posts\/46051"}],"collection":[{"href":"https:\/\/visionpeninsular.com\/mid\/wp-json\/wp\/v2\/posts"}],"about":[{"href":"https:\/\/visionpeninsular.com\/mid\/wp-json\/wp\/v2\/types\/post"}],"author":[{"embeddable":true,"href":"https:\/\/visionpeninsular.com\/mid\/wp-json\/wp\/v2\/users\/5"}],"replies":[{"embeddable":true,"href":"https:\/\/visionpeninsular.com\/mid\/wp-json\/wp\/v2\/comments?post=46051"}],"version-history":[{"count":1,"href":"https:\/\/visionpeninsular.com\/mid\/wp-json\/wp\/v2\/posts\/46051\/revisions"}],"predecessor-version":[{"id":46054,"href":"https:\/\/visionpeninsular.com\/mid\/wp-json\/wp\/v2\/posts\/46051\/revisions\/46054"}],"wp:featuredmedia":[{"embeddable":true,"href":"https:\/\/visionpeninsular.com\/mid\/wp-json\/wp\/v2\/media\/46053"}],"wp:attachment":[{"href":"https:\/\/visionpeninsular.com\/mid\/wp-json\/wp\/v2\/media?parent=46051"}],"wp:term":[{"taxonomy":"category","embeddable":true,"href":"https:\/\/visionpeninsular.com\/mid\/wp-json\/wp\/v2\/categories?post=46051"},{"taxonomy":"post_tag","embeddable":true,"href":"https:\/\/visionpeninsular.com\/mid\/wp-json\/wp\/v2\/tags?post=46051"}],"curies":[{"name":"wp","href":"https:\/\/api.w.org\/{rel}","templated":true}]}}