{"id":46001,"date":"2018-10-05T11:27:28","date_gmt":"2018-10-05T16:27:28","guid":{"rendered":"http:\/\/visionpeninsular.com\/mid\/?p=46001"},"modified":"2018-10-05T11:27:28","modified_gmt":"2018-10-05T16:27:28","slug":"tete-mezquita-recibe-reconocimiento-en-el-dia-mundial-de-los-docentes","status":"publish","type":"post","link":"https:\/\/visionpeninsular.com\/mid\/tete-mezquita-recibe-reconocimiento-en-el-dia-mundial-de-los-docentes\/","title":{"rendered":"Tet\u00e9 M\u00e9zquita recibe reconocimiento en el \u201cD\u00eda mundial  de los  docentes\u201d"},"content":{"rendered":"<p>En reconocimiento a su destacada trayectoria en la docencia y la cultura, la Confederaci\u00f3n de Profesionistas de la Pen\u00ednsula, A.C., otorgar\u00e1 este viernes 5 de octubre el Premio \u201cMaestro Salvador Rodr\u00edguez Losa\u201d a la maestra universitaria Mar\u00eda Teresa M\u00e9zquita M\u00e9ndez, en una ceremonia que se llevar\u00e1 a cabo a las 18:00 horas en el auditorio de la Facultad de Ciencias Antropol\u00f3gicas de la Universidad Aut\u00f3noma de Yucat\u00e1n y la distinci\u00f3n se otorga en el marco del D\u00eda Mundial de los Docentes, establecido por la Organizaci\u00f3n de las Naciones Unidas para la Educaci\u00f3n, la Ciencia y la Cultura (UNESCO) el 5 de octubre de 1994.<\/p>\n<p>Tet\u00e9 M\u00e9zquita es profesora en la Licenciatura de Artes Visuales de la UADY, donde imparte asignaturas de Cr\u00edtica e Historia del Arte; es periodista, escritora, editora, investigadora y promotora cultural.<\/p>\n<p>Licenciada en Ciencias de la Comunicaci\u00f3n en la Universidad del Mayab, actualmente se encuentra cursando la maestr\u00eda en Investigaci\u00f3n Literaria y Teatral en la Iniversidad Nacional de educaci\u00f3n a distancia de Espa\u00f1a; ha publicado tres libros; \u201cAl encuentro de las M\u00e9ridas, m+as de medio siglo de reencuentros\u201d; \u201cTres veces M\u00e9rida\u201d y coautira de \u201cOrquestas Sinf\u00f3nicas de Yucat\u00e1n, \u00a0pasado y presente 1898-2015.<\/p>\n<p>Tet\u00e9 M\u00e9zquita es integrante de la Liga de Acci\u00f3n Social y colaboradora del Museo de Arte Contempor\u00e1neo de Yucat\u00e1n \u201cFernando Garc\u00eda Ponce\u201d (Macay). Publica art\u00edculos en medios locales, as\u00ed como en revistas nacionales e internacionales. Tet\u00e9 M\u00e9zquita es considerada un valor yucateco de la cultura y la docencia.<\/p>\n<p>La Confederaci\u00f3n de Profesionistas de la Pen\u00ednsula fue fundada el 19 de julio de 2004, agrupa a 20 organizaciones entre Federaciones, Colegios, Institutos y Asociaciones de Profesionistas, y es miembro de la Red Docente de Am\u00e9rica Latina y el Caribe de la UNESCO.<\/p>\n<p>En 2005 la Confederaci\u00f3n instituy\u00f3 el premio \u201cMaestro Salvador Rodr\u00edguez Losa\u201d para conmemorar el D\u00eda Mundial de los Docentes, con el que reconoce la labor y la trayectoria de destacados yucatecos en el campo de la docencia. Lleva 13 entregas del premio, de manera que Tet\u00e9 M\u00e9zquita ser\u00e1 la homenajeada n\u00famero 14.<\/p>\n<p>Los que recibieron dicha distinci\u00f3n de 2005 a 2017 son, en ese orden: el maestro Jos\u00e9 Cetina Mar\u00edn, la abogada Antonia Jim\u00e9nez Trava, el ingeniero W\u00edlliam Ocampo Molina, la maestra Candelaria Souza de Fern\u00e1ndez, el maestro universitario y m\u00e9dico Lizardo Vargas Ancona y el ingeniero Pedro Monta\u00f1ez Jure.<\/p>\n<p>Asimismo, el maestro Rub\u00e9n Anselmo P\u00e9rez Aguilar, la ingeniera Elsy Yolanda Lara Barrera, el ingeniero Fausto Escalante Triay, el maestro y ex rector de la Uady, Alfredo D\u00e1jer Abimerhi; el maestro Rafael Brito Villanueva, el ingeniero Gelasio Luna Consuelo y el ingeniero Alfonso Gonz\u00e1lez Fern\u00e1ndez.<\/p>\n<div class='share-to-whatsapp-wrapper'><div class='share-on-whsp'>Share on: <\/div><a data-text='Tet\u00e9 M\u00e9zquita recibe reconocimiento en el \u201cD\u00eda mundial  de los  docentes\u201d' data-link='https:\/\/visionpeninsular.com\/mid\/tete-mezquita-recibe-reconocimiento-en-el-dia-mundial-de-los-docentes\/' class='whatsapp-button whatsapp-share'>WhatsApp<\/a><div class='clear '><\/div><\/div>","protected":false},"excerpt":{"rendered":"<p>En reconocimiento a su destacada trayectoria en la docencia y la cultura, la Confederaci\u00f3n de Profesionistas de la Pen\u00ednsula, A.C., otorgar\u00e1 este viernes 5 de octubre el Premio \u201cMaestro Salvador Rodr\u00edguez Losa\u201d a la maestra universitaria Mar\u00eda Teresa M\u00e9zquita M\u00e9ndez, en una ceremonia que se llevar\u00e1 a cabo a las 18:00 horas en el auditorio &hellip;<\/p>\n","protected":false},"author":5,"featured_media":46002,"comment_status":"open","ping_status":"open","sticky":false,"template":"","format":"standard","meta":{"_mi_skip_tracking":false},"categories":[50,37],"tags":[12750,12752,12751],"_links":{"self":[{"href":"https:\/\/visionpeninsular.com\/mid\/wp-json\/wp\/v2\/posts\/46001"}],"collection":[{"href":"https:\/\/visionpeninsular.com\/mid\/wp-json\/wp\/v2\/posts"}],"about":[{"href":"https:\/\/visionpeninsular.com\/mid\/wp-json\/wp\/v2\/types\/post"}],"author":[{"embeddable":true,"href":"https:\/\/visionpeninsular.com\/mid\/wp-json\/wp\/v2\/users\/5"}],"replies":[{"embeddable":true,"href":"https:\/\/visionpeninsular.com\/mid\/wp-json\/wp\/v2\/comments?post=46001"}],"version-history":[{"count":1,"href":"https:\/\/visionpeninsular.com\/mid\/wp-json\/wp\/v2\/posts\/46001\/revisions"}],"predecessor-version":[{"id":46003,"href":"https:\/\/visionpeninsular.com\/mid\/wp-json\/wp\/v2\/posts\/46001\/revisions\/46003"}],"wp:featuredmedia":[{"embeddable":true,"href":"https:\/\/visionpeninsular.com\/mid\/wp-json\/wp\/v2\/media\/46002"}],"wp:attachment":[{"href":"https:\/\/visionpeninsular.com\/mid\/wp-json\/wp\/v2\/media?parent=46001"}],"wp:term":[{"taxonomy":"category","embeddable":true,"href":"https:\/\/visionpeninsular.com\/mid\/wp-json\/wp\/v2\/categories?post=46001"},{"taxonomy":"post_tag","embeddable":true,"href":"https:\/\/visionpeninsular.com\/mid\/wp-json\/wp\/v2\/tags?post=46001"}],"curies":[{"name":"wp","href":"https:\/\/api.w.org\/{rel}","templated":true}]}}