{"id":4595,"date":"2016-06-01T12:37:48","date_gmt":"2016-06-01T17:37:48","guid":{"rendered":"http:\/\/visionpeninsular.com\/mid\/?p=4595"},"modified":"2016-06-01T12:37:48","modified_gmt":"2016-06-01T17:37:48","slug":"los-trabajos-de-reparacion-del-centro-historico-van-a-paso-firme-dice-alcalde-de-merida","status":"publish","type":"post","link":"https:\/\/visionpeninsular.com\/mid\/los-trabajos-de-reparacion-del-centro-historico-van-a-paso-firme-dice-alcalde-de-merida\/","title":{"rendered":"Los trabajos de reparaci\u00f3n del Centro Hist\u00f3rico van a paso firme, dice alcalde de M\u00e9rida"},"content":{"rendered":"<p style=\"margin: 0cm;margin-bottom: .0001pt;background: white\"><span style=\"font-size: 11.0pt;font-family: 'Arial',sans-serif;color: black\">El alcalde Mauricio Vila indic\u00f3 que los trabajos de reparaci\u00f3n del Centro Hist\u00f3rico van a buen ritmo, dijo que ya se concluy\u00f3 la primera semana en lo que es la zona del parque de la Mejorada y ahora se est\u00e1 comenzando con la zona del Parque Eulogio Rosado, para continuar con la Plaza Grande antes que empiece la temporada vacacional.<\/span><\/p>\n<p style=\"margin: 0cm;margin-bottom: .0001pt;background: white\"><span style=\"font-size: 11.0pt;font-family: 'Arial',sans-serif;color: black\">\u00a0<\/span><\/p>\n<p style=\"margin: 0cm;margin-bottom: .0001pt;background: white\"><span style=\"font-size: 11.0pt;font-family: 'Arial',sans-serif;color: black\">Se\u00f1alo que no se han tenido contratiempos por lo que la obras se encuentran a buen ritmo, recibiendo buenos comentarios de la gente que camina por el centro en indic\u00f3 que habr\u00e1 que esperar la \u00e9poca de las lluvias para ver como termino el encavado.<\/span><\/p>\n<p style=\"margin: 0cm;margin-bottom: .0001pt;background: white\"><span style=\"font-size: 11.0pt;font-family: 'Arial',sans-serif;color: black\">\u00a0<\/span><\/p>\n<p style=\"margin: 0cm;margin-bottom: .0001pt;background: white\"><span style=\"font-size: 11.0pt;font-family: 'Arial',sans-serif;color: black\">Agreg\u00f3 que por el momento los paraderos de los camiones de pasaje no tendr\u00e1n cambio de lugares. Dio a conocer que ya se realizaron desazolves de alcantarillas en el sur de la Ciudad, donde se presenta problemas constantes.<\/span><\/p>\n<p style=\"margin: 0cm;margin-bottom: .0001pt;background: white\"><span style=\"font-size: 11.0pt;font-family: 'Arial',sans-serif;color: black\">\u00a0<\/span><\/p>\n<p style=\"margin: 0cm;margin-bottom: .0001pt;background: white\"><span style=\"font-size: 11.0pt;font-family: 'Arial',sans-serif;color: black\">Informo que se ha desazolvado una gran cantidad de pozos de en la Ciudad y que estos reciben mantenimiento constante.<\/span><\/p>\n<div class='share-to-whatsapp-wrapper'><div class='share-on-whsp'>Share on: <\/div><a data-text='Los trabajos de reparaci\u00f3n del Centro Hist\u00f3rico van a paso firme, dice alcalde de M\u00e9rida' data-link='https:\/\/visionpeninsular.com\/mid\/los-trabajos-de-reparacion-del-centro-historico-van-a-paso-firme-dice-alcalde-de-merida\/' class='whatsapp-button whatsapp-share'>WhatsApp<\/a><div class='clear '><\/div><\/div>","protected":false},"excerpt":{"rendered":"<p>El alcalde Mauricio Vila indic\u00f3 que los trabajos de reparaci\u00f3n del Centro Hist\u00f3rico van a buen ritmo, dijo que ya se concluy\u00f3 la primera semana en lo que es la zona del parque de la Mejorada y ahora se est\u00e1 comenzando con la zona del Parque Eulogio Rosado, para continuar con la Plaza Grande antes &hellip;<\/p>\n","protected":false},"author":3,"featured_media":4596,"comment_status":"open","ping_status":"open","sticky":false,"template":"","format":"standard","meta":{"_mi_skip_tracking":false},"categories":[50,37],"tags":[268,967],"_links":{"self":[{"href":"https:\/\/visionpeninsular.com\/mid\/wp-json\/wp\/v2\/posts\/4595"}],"collection":[{"href":"https:\/\/visionpeninsular.com\/mid\/wp-json\/wp\/v2\/posts"}],"about":[{"href":"https:\/\/visionpeninsular.com\/mid\/wp-json\/wp\/v2\/types\/post"}],"author":[{"embeddable":true,"href":"https:\/\/visionpeninsular.com\/mid\/wp-json\/wp\/v2\/users\/3"}],"replies":[{"embeddable":true,"href":"https:\/\/visionpeninsular.com\/mid\/wp-json\/wp\/v2\/comments?post=4595"}],"version-history":[{"count":1,"href":"https:\/\/visionpeninsular.com\/mid\/wp-json\/wp\/v2\/posts\/4595\/revisions"}],"predecessor-version":[{"id":4597,"href":"https:\/\/visionpeninsular.com\/mid\/wp-json\/wp\/v2\/posts\/4595\/revisions\/4597"}],"wp:featuredmedia":[{"embeddable":true,"href":"https:\/\/visionpeninsular.com\/mid\/wp-json\/wp\/v2\/media\/4596"}],"wp:attachment":[{"href":"https:\/\/visionpeninsular.com\/mid\/wp-json\/wp\/v2\/media?parent=4595"}],"wp:term":[{"taxonomy":"category","embeddable":true,"href":"https:\/\/visionpeninsular.com\/mid\/wp-json\/wp\/v2\/categories?post=4595"},{"taxonomy":"post_tag","embeddable":true,"href":"https:\/\/visionpeninsular.com\/mid\/wp-json\/wp\/v2\/tags?post=4595"}],"curies":[{"name":"wp","href":"https:\/\/api.w.org\/{rel}","templated":true}]}}