{"id":45720,"date":"2018-10-01T05:12:32","date_gmt":"2018-10-01T10:12:32","guid":{"rendered":"http:\/\/visionpeninsular.com\/mid\/?p=45720"},"modified":"2018-10-01T05:12:32","modified_gmt":"2018-10-01T10:12:32","slug":"en-quintana-roo-crecen-la-extorsion-y-la-trata","status":"publish","type":"post","link":"https:\/\/visionpeninsular.com\/mid\/en-quintana-roo-crecen-la-extorsion-y-la-trata\/","title":{"rendered":"En Quintana Roo crecen la extorsi\u00f3n y la trata"},"content":{"rendered":"<p>En un an\u00e1lisis del comportamiento en redes de la percepci\u00f3n de los cibernautas sobre <strong>Quintana Roo<\/strong>, se encontr\u00f3 que ha incrementado la idea de inseguridad con inconformidad social, lo que ubica a la entidad en la posici\u00f3n 19 del ranking nacional.<\/p>\n<p>En el an\u00e1lisis del <strong>\u00cdndice GLAC<\/strong> se encontr\u00f3 que la disminuci\u00f3n en el dinamismo de la actividad econ\u00f3mica provoca una contracci\u00f3n en la oferta de trabajo; si bien la falta de empleo por s\u00ed sola no determina la generaci\u00f3n de conductas delictivas, s\u00ed puede colocar a las personas desempleadas y volverlas vulnerables para incorporarse a alguna fase del delito, incluido el de extorsi\u00f3n.<\/p>\n<p class=\"paragraph\" data-count=\"343\" data-wrap=\"55\">En ese sentido, la relaci\u00f3n delincuencia-desempleo registr\u00f3 su punto m\u00e1s alto en 2014 en Quintana Roo, con 17.68 <strong>extorsiones <\/strong>por cada 100 mil habitantes y 4.93 por ciento de la poblaci\u00f3n econ\u00f3micamente activa desempleada; en contraste, en 2016 los valores pasaron a 2.65 extorsiones por cada 100 mil habitantes y 3.21 por ciento de desempleo.<\/p>\n<p class=\"paragraph\" data-count=\"326\" data-wrap=\"55\">En esa entidad, en los \u00faltimos dos a\u00f1os se ha registrado un incremento en la incidencia delictiva, particularmente en los delitos del fuero com\u00fan, entre los que destacan la trata y tr\u00e1fico de personas, la extorsi\u00f3n y el denominado \u201ccobro de piso\u201d, adem\u00e1s de los de concurrencia local y federal, como la compra-venta de droga.<\/p>\n<p>&nbsp;<\/p>\n<div class='share-to-whatsapp-wrapper'><div class='share-on-whsp'>Share on: <\/div><a data-text='En Quintana Roo crecen la extorsi\u00f3n y la trata' data-link='https:\/\/visionpeninsular.com\/mid\/en-quintana-roo-crecen-la-extorsion-y-la-trata\/' class='whatsapp-button whatsapp-share'>WhatsApp<\/a><div class='clear '><\/div><\/div>","protected":false},"excerpt":{"rendered":"<p>En un an\u00e1lisis del comportamiento en redes de la percepci\u00f3n de los cibernautas sobre Quintana Roo, se encontr\u00f3 que ha incrementado la idea de inseguridad con inconformidad social, lo que ubica a la entidad en la posici\u00f3n 19 del ranking nacional. En el an\u00e1lisis del \u00cdndice GLAC se encontr\u00f3 que la disminuci\u00f3n en el dinamismo &hellip;<\/p>\n","protected":false},"author":1,"featured_media":45721,"comment_status":"open","ping_status":"open","sticky":false,"template":"","format":"standard","meta":{"_mi_skip_tracking":false},"categories":[48],"tags":[12676],"_links":{"self":[{"href":"https:\/\/visionpeninsular.com\/mid\/wp-json\/wp\/v2\/posts\/45720"}],"collection":[{"href":"https:\/\/visionpeninsular.com\/mid\/wp-json\/wp\/v2\/posts"}],"about":[{"href":"https:\/\/visionpeninsular.com\/mid\/wp-json\/wp\/v2\/types\/post"}],"author":[{"embeddable":true,"href":"https:\/\/visionpeninsular.com\/mid\/wp-json\/wp\/v2\/users\/1"}],"replies":[{"embeddable":true,"href":"https:\/\/visionpeninsular.com\/mid\/wp-json\/wp\/v2\/comments?post=45720"}],"version-history":[{"count":1,"href":"https:\/\/visionpeninsular.com\/mid\/wp-json\/wp\/v2\/posts\/45720\/revisions"}],"predecessor-version":[{"id":45722,"href":"https:\/\/visionpeninsular.com\/mid\/wp-json\/wp\/v2\/posts\/45720\/revisions\/45722"}],"wp:featuredmedia":[{"embeddable":true,"href":"https:\/\/visionpeninsular.com\/mid\/wp-json\/wp\/v2\/media\/45721"}],"wp:attachment":[{"href":"https:\/\/visionpeninsular.com\/mid\/wp-json\/wp\/v2\/media?parent=45720"}],"wp:term":[{"taxonomy":"category","embeddable":true,"href":"https:\/\/visionpeninsular.com\/mid\/wp-json\/wp\/v2\/categories?post=45720"},{"taxonomy":"post_tag","embeddable":true,"href":"https:\/\/visionpeninsular.com\/mid\/wp-json\/wp\/v2\/tags?post=45720"}],"curies":[{"name":"wp","href":"https:\/\/api.w.org\/{rel}","templated":true}]}}