{"id":45616,"date":"2018-09-28T06:45:33","date_gmt":"2018-09-28T11:45:33","guid":{"rendered":"http:\/\/visionpeninsular.com\/mid\/?p=45616"},"modified":"2018-09-28T06:45:33","modified_gmt":"2018-09-28T11:45:33","slug":"asesinan-a-nina-en-pasillos-de-una-primaria-en-quintana-roo","status":"publish","type":"post","link":"https:\/\/visionpeninsular.com\/mid\/asesinan-a-nina-en-pasillos-de-una-primaria-en-quintana-roo\/","title":{"rendered":"Asesinan a ni\u00f1a en pasillos de una primaria en Quintana Roo"},"content":{"rendered":"<p>El d\u00eda de ayer, elementos de la polic\u00eda municipal y la fiscal\u00eda del estado, arribaron al interior de una escuela primaria localizada en la avenida 20, en la colonia Colosio en Quintana Roo, en donde encontraron el cuerpo sin vida de una ni\u00f1a que prsentaba una lesi\u00f3n en la frente.<\/p>\n<p>La Fiscal\u00eda Especializada en Atenci\u00f3n a Delitos contra la Mujer y Razones de G\u00e9nero, inici\u00f3 una carpeta de investigaci\u00f3n por el posible delito de feminicidio.<\/p>\n<p>Mediante un comunicado, las autoridades revelaron el hallazgo del cuerpo de la menor, quien sigue en calidad de desconocida.<\/p>\n<p>El cuerpo de la menor fue trasladado al servicio m\u00e9dico forense para realizar la necropsia de ley y poder establecer la causa de muerte, as\u00ed com descartar si su muerte fue a causa de alg\u00fan ataque sexual.<\/p>\n<div class='share-to-whatsapp-wrapper'><div class='share-on-whsp'>Share on: <\/div><a data-text='Asesinan a ni\u00f1a en pasillos de una primaria en Quintana Roo' data-link='https:\/\/visionpeninsular.com\/mid\/asesinan-a-nina-en-pasillos-de-una-primaria-en-quintana-roo\/' class='whatsapp-button whatsapp-share'>WhatsApp<\/a><div class='clear '><\/div><\/div>","protected":false},"excerpt":{"rendered":"<p>El d\u00eda de ayer, elementos de la polic\u00eda municipal y la fiscal\u00eda del estado, arribaron al interior de una escuela primaria localizada en la avenida 20, en la colonia Colosio en Quintana Roo, en donde encontraron el cuerpo sin vida de una ni\u00f1a que prsentaba una lesi\u00f3n en la frente. La Fiscal\u00eda Especializada en Atenci\u00f3n &hellip;<\/p>\n","protected":false},"author":1,"featured_media":45617,"comment_status":"open","ping_status":"open","sticky":false,"template":"","format":"standard","meta":{"_mi_skip_tracking":false},"categories":[48],"tags":[12646],"_links":{"self":[{"href":"https:\/\/visionpeninsular.com\/mid\/wp-json\/wp\/v2\/posts\/45616"}],"collection":[{"href":"https:\/\/visionpeninsular.com\/mid\/wp-json\/wp\/v2\/posts"}],"about":[{"href":"https:\/\/visionpeninsular.com\/mid\/wp-json\/wp\/v2\/types\/post"}],"author":[{"embeddable":true,"href":"https:\/\/visionpeninsular.com\/mid\/wp-json\/wp\/v2\/users\/1"}],"replies":[{"embeddable":true,"href":"https:\/\/visionpeninsular.com\/mid\/wp-json\/wp\/v2\/comments?post=45616"}],"version-history":[{"count":1,"href":"https:\/\/visionpeninsular.com\/mid\/wp-json\/wp\/v2\/posts\/45616\/revisions"}],"predecessor-version":[{"id":45618,"href":"https:\/\/visionpeninsular.com\/mid\/wp-json\/wp\/v2\/posts\/45616\/revisions\/45618"}],"wp:featuredmedia":[{"embeddable":true,"href":"https:\/\/visionpeninsular.com\/mid\/wp-json\/wp\/v2\/media\/45617"}],"wp:attachment":[{"href":"https:\/\/visionpeninsular.com\/mid\/wp-json\/wp\/v2\/media?parent=45616"}],"wp:term":[{"taxonomy":"category","embeddable":true,"href":"https:\/\/visionpeninsular.com\/mid\/wp-json\/wp\/v2\/categories?post=45616"},{"taxonomy":"post_tag","embeddable":true,"href":"https:\/\/visionpeninsular.com\/mid\/wp-json\/wp\/v2\/tags?post=45616"}],"curies":[{"name":"wp","href":"https:\/\/api.w.org\/{rel}","templated":true}]}}