{"id":45607,"date":"2018-09-28T06:26:53","date_gmt":"2018-09-28T11:26:53","guid":{"rendered":"http:\/\/visionpeninsular.com\/mid\/?p=45607"},"modified":"2018-09-28T06:26:53","modified_gmt":"2018-09-28T11:26:53","slug":"gustavo-salas-es-el-fiscal-interino-de-quintana-roo","status":"publish","type":"post","link":"https:\/\/visionpeninsular.com\/mid\/gustavo-salas-es-el-fiscal-interino-de-quintana-roo\/","title":{"rendered":"Gustavo Salas, es el fiscal interino de Quintana Roo"},"content":{"rendered":"<p>Tras la renuncia de Miguel \u00c1ngen Pech Cen, Gustavo Salas Salgado fue designado por el gobernador del estado, Carlos Joaqu\u00edn Gonz\u00e1lez, como Fiscal General del Estado, en calidad de interino, mientras el Poder Legislativo toma las determinaciones que corresponden.<\/p>\n<p>El gobernador quintanarroense \u00a0nombr\u00f3 a quien ocupar\u00e1 el cargo en tanto el Congreso del Estado realiza el proceso para nombrar al titular de este organismo aut\u00f3nomo de impartici\u00f3n de la justicia.<\/p>\n<p><strong>El mandatario resalt\u00f3 la capacidad, experiencia y perfil de Salas Salgado, quien es egresado en Derecho por la Universidad Nacional Aut\u00f3noma de M\u00e9xico (UNAM).<\/strong> <strong>\u00a0Asimismo, es miembro de la Barra de Abogados en Quintana Roo.<\/strong><\/p>\n<p>El mandatario le dese\u00f3 mucha suerte en el periodo que ocupar\u00e1 a partir del primer minuto del 1 de octubre. Salas Salgado plante\u00f3 atender los ataques a periodistas y feminicidios y realizar una pol\u00edtica de puertas abiertas.<\/p>\n<p>En la presentaci\u00f3n, tambi\u00e9n estuvo el secretario de Gobierno, Francisco L\u00f3pez Mena, como parte del acto protocolario.<\/p>\n<div class='share-to-whatsapp-wrapper'><div class='share-on-whsp'>Share on: <\/div><a data-text='Gustavo Salas, es el fiscal interino de Quintana Roo' data-link='https:\/\/visionpeninsular.com\/mid\/gustavo-salas-es-el-fiscal-interino-de-quintana-roo\/' class='whatsapp-button whatsapp-share'>WhatsApp<\/a><div class='clear '><\/div><\/div>","protected":false},"excerpt":{"rendered":"<p>Tras la renuncia de Miguel \u00c1ngen Pech Cen, Gustavo Salas Salgado fue designado por el gobernador del estado, Carlos Joaqu\u00edn Gonz\u00e1lez, como Fiscal General del Estado, en calidad de interino, mientras el Poder Legislativo toma las determinaciones que corresponden. El gobernador quintanarroense \u00a0nombr\u00f3 a quien ocupar\u00e1 el cargo en tanto el Congreso del Estado realiza &hellip;<\/p>\n","protected":false},"author":1,"featured_media":45608,"comment_status":"open","ping_status":"open","sticky":false,"template":"","format":"standard","meta":{"_mi_skip_tracking":false},"categories":[47],"tags":[12643],"_links":{"self":[{"href":"https:\/\/visionpeninsular.com\/mid\/wp-json\/wp\/v2\/posts\/45607"}],"collection":[{"href":"https:\/\/visionpeninsular.com\/mid\/wp-json\/wp\/v2\/posts"}],"about":[{"href":"https:\/\/visionpeninsular.com\/mid\/wp-json\/wp\/v2\/types\/post"}],"author":[{"embeddable":true,"href":"https:\/\/visionpeninsular.com\/mid\/wp-json\/wp\/v2\/users\/1"}],"replies":[{"embeddable":true,"href":"https:\/\/visionpeninsular.com\/mid\/wp-json\/wp\/v2\/comments?post=45607"}],"version-history":[{"count":1,"href":"https:\/\/visionpeninsular.com\/mid\/wp-json\/wp\/v2\/posts\/45607\/revisions"}],"predecessor-version":[{"id":45609,"href":"https:\/\/visionpeninsular.com\/mid\/wp-json\/wp\/v2\/posts\/45607\/revisions\/45609"}],"wp:featuredmedia":[{"embeddable":true,"href":"https:\/\/visionpeninsular.com\/mid\/wp-json\/wp\/v2\/media\/45608"}],"wp:attachment":[{"href":"https:\/\/visionpeninsular.com\/mid\/wp-json\/wp\/v2\/media?parent=45607"}],"wp:term":[{"taxonomy":"category","embeddable":true,"href":"https:\/\/visionpeninsular.com\/mid\/wp-json\/wp\/v2\/categories?post=45607"},{"taxonomy":"post_tag","embeddable":true,"href":"https:\/\/visionpeninsular.com\/mid\/wp-json\/wp\/v2\/tags?post=45607"}],"curies":[{"name":"wp","href":"https:\/\/api.w.org\/{rel}","templated":true}]}}