{"id":4546,"date":"2016-06-01T08:43:05","date_gmt":"2016-06-01T13:43:05","guid":{"rendered":"http:\/\/visionpeninsular.com\/mid\/?p=4546"},"modified":"2016-06-01T09:31:28","modified_gmt":"2016-06-01T14:31:28","slug":"se-reinstala-el-consejo-estatal-de-mejora-regulatoria","status":"publish","type":"post","link":"https:\/\/visionpeninsular.com\/mid\/se-reinstala-el-consejo-estatal-de-mejora-regulatoria\/","title":{"rendered":"Se reinstala el Consejo Estatal de Mejora Regulatoria"},"content":{"rendered":"<p>En presencia del director general de la Comisi\u00f3n Federal de Mejora Regulatoria (Cofemer), Mario Emilio Guti\u00e9rrez Caballero, el jefe de la Oficina del Gobernador, Claudio Cetina G\u00f3mez en representaci\u00f3n del mandatario Alejandro Moreno C\u00e1rdenas, reinstal\u00f3 el Consejo Estatal de Mejora Regulatoria y entreg\u00f3 el nombramiento de directora del citado \u00f3rgano a Ernestina Yazm\u00edn P\u00e9rez Rodr\u00edguez.<\/p>\n<p>Al evento asistieron, el presidente de la Junta de Gobierno y Administraci\u00f3n del Congreso del Estado, Ram\u00f3n M\u00e9ndez Lanz; el secretario de Desarrollo Econ\u00f3mico, Jos\u00e9 Domingo Berzunza Esp\u00ednola, y el delegado de Econom\u00eda, Tirzo Garc\u00eda Sandoval, entre otros funcionarios estatales, alcaldes y dirigentes del sector empresarial.<\/p>\n<div class='share-to-whatsapp-wrapper'><div class='share-on-whsp'>Share on: <\/div><a data-text='Se reinstala el Consejo Estatal de Mejora Regulatoria' data-link='https:\/\/visionpeninsular.com\/mid\/se-reinstala-el-consejo-estatal-de-mejora-regulatoria\/' class='whatsapp-button whatsapp-share'>WhatsApp<\/a><div class='clear '><\/div><\/div>","protected":false},"excerpt":{"rendered":"<p>En presencia del director general de la Comisi\u00f3n Federal de Mejora Regulatoria (Cofemer), Mario Emilio Guti\u00e9rrez Caballero, el jefe de la Oficina del Gobernador, Claudio Cetina G\u00f3mez en representaci\u00f3n del mandatario Alejandro Moreno C\u00e1rdenas, reinstal\u00f3 el Consejo Estatal de Mejora Regulatoria y entreg\u00f3 el nombramiento de directora del citado \u00f3rgano a Ernestina Yazm\u00edn P\u00e9rez Rodr\u00edguez. &hellip;<\/p>\n","protected":false},"author":1,"featured_media":4547,"comment_status":"open","ping_status":"open","sticky":false,"template":"","format":"standard","meta":{"_mi_skip_tracking":false},"categories":[45],"tags":[957],"_links":{"self":[{"href":"https:\/\/visionpeninsular.com\/mid\/wp-json\/wp\/v2\/posts\/4546"}],"collection":[{"href":"https:\/\/visionpeninsular.com\/mid\/wp-json\/wp\/v2\/posts"}],"about":[{"href":"https:\/\/visionpeninsular.com\/mid\/wp-json\/wp\/v2\/types\/post"}],"author":[{"embeddable":true,"href":"https:\/\/visionpeninsular.com\/mid\/wp-json\/wp\/v2\/users\/1"}],"replies":[{"embeddable":true,"href":"https:\/\/visionpeninsular.com\/mid\/wp-json\/wp\/v2\/comments?post=4546"}],"version-history":[{"count":1,"href":"https:\/\/visionpeninsular.com\/mid\/wp-json\/wp\/v2\/posts\/4546\/revisions"}],"predecessor-version":[{"id":4548,"href":"https:\/\/visionpeninsular.com\/mid\/wp-json\/wp\/v2\/posts\/4546\/revisions\/4548"}],"wp:featuredmedia":[{"embeddable":true,"href":"https:\/\/visionpeninsular.com\/mid\/wp-json\/wp\/v2\/media\/4547"}],"wp:attachment":[{"href":"https:\/\/visionpeninsular.com\/mid\/wp-json\/wp\/v2\/media?parent=4546"}],"wp:term":[{"taxonomy":"category","embeddable":true,"href":"https:\/\/visionpeninsular.com\/mid\/wp-json\/wp\/v2\/categories?post=4546"},{"taxonomy":"post_tag","embeddable":true,"href":"https:\/\/visionpeninsular.com\/mid\/wp-json\/wp\/v2\/tags?post=4546"}],"curies":[{"name":"wp","href":"https:\/\/api.w.org\/{rel}","templated":true}]}}