{"id":45380,"date":"2018-09-23T20:35:53","date_gmt":"2018-09-24T01:35:53","guid":{"rendered":"http:\/\/visionpeninsular.com\/mid\/?p=45380"},"modified":"2018-09-23T20:35:53","modified_gmt":"2018-09-24T01:35:53","slug":"paro-de-labores-en-el-itm-pasado-manana-serian-afectados-7-mil-estudiantes","status":"publish","type":"post","link":"https:\/\/visionpeninsular.com\/mid\/paro-de-labores-en-el-itm-pasado-manana-serian-afectados-7-mil-estudiantes\/","title":{"rendered":"Paro de labores en el ITM pasado ma\u00f1ana; ser\u00edan afectados 7 mil estudiantes-"},"content":{"rendered":"<p>Manuel Jes\u00fas Dom\u00ednguez Salas, secretario general de la delegaci\u00f3n sindical DBI-II-I de la Secci\u00f3n 61 del Sindicato de trabajadores del Instituto Tecnol\u00f3gico de M\u00e9rida (ITM) anunci\u00f3 que pasado ma\u00f1ana habr\u00e1 paro de labores por el \u201cmal manejo\u201d y \u201camiguismo\u201d que permea en el Tecnol\u00f3gico Nacional de M\u00e9xico, desde donde se dan plazas solo a allegados.<\/p>\n<p>La suspensi\u00f3n de labores afectar\u00eda a m\u00e1s de 7 mil estudiantes matriculados en esta casa de estudios y poco m\u00e1s de personal entre docentes y administrativos.<\/p>\n<p>\u201cLlevamos m\u00e1s de dos a\u00f1os entablando negociaciones para buscar una soluci\u00f3n al conflicto. En la entidad tenemos a 90 trabajadores que no se les ha normalizado su pago salarial, y a nivel nacional son m\u00e1s de dos mil. Am\u00e9n de que hay al menos 60 plazas congeladas y listas para favorecer a cercanos y amigos del director nacional Manuel Quintero\u201d, dijo.<\/p>\n<p>&nbsp;<\/p>\n<div class='share-to-whatsapp-wrapper'><div class='share-on-whsp'>Share on: <\/div><a data-text='Paro de labores en el ITM pasado ma\u00f1ana; ser\u00edan afectados 7 mil estudiantes-' data-link='https:\/\/visionpeninsular.com\/mid\/paro-de-labores-en-el-itm-pasado-manana-serian-afectados-7-mil-estudiantes\/' class='whatsapp-button whatsapp-share'>WhatsApp<\/a><div class='clear '><\/div><\/div>","protected":false},"excerpt":{"rendered":"<p>Manuel Jes\u00fas Dom\u00ednguez Salas, secretario general de la delegaci\u00f3n sindical DBI-II-I de la Secci\u00f3n 61 del Sindicato de trabajadores del Instituto Tecnol\u00f3gico de M\u00e9rida (ITM) anunci\u00f3 que pasado ma\u00f1ana habr\u00e1 paro de labores por el \u201cmal manejo\u201d y \u201camiguismo\u201d que permea en el Tecnol\u00f3gico Nacional de M\u00e9xico, desde donde se dan plazas solo a allegados. &hellip;<\/p>\n","protected":false},"author":5,"featured_media":45381,"comment_status":"open","ping_status":"open","sticky":false,"template":"","format":"standard","meta":{"_mi_skip_tracking":false},"categories":[50,37],"tags":[12569,558,12568,12567,1651],"_links":{"self":[{"href":"https:\/\/visionpeninsular.com\/mid\/wp-json\/wp\/v2\/posts\/45380"}],"collection":[{"href":"https:\/\/visionpeninsular.com\/mid\/wp-json\/wp\/v2\/posts"}],"about":[{"href":"https:\/\/visionpeninsular.com\/mid\/wp-json\/wp\/v2\/types\/post"}],"author":[{"embeddable":true,"href":"https:\/\/visionpeninsular.com\/mid\/wp-json\/wp\/v2\/users\/5"}],"replies":[{"embeddable":true,"href":"https:\/\/visionpeninsular.com\/mid\/wp-json\/wp\/v2\/comments?post=45380"}],"version-history":[{"count":1,"href":"https:\/\/visionpeninsular.com\/mid\/wp-json\/wp\/v2\/posts\/45380\/revisions"}],"predecessor-version":[{"id":45382,"href":"https:\/\/visionpeninsular.com\/mid\/wp-json\/wp\/v2\/posts\/45380\/revisions\/45382"}],"wp:featuredmedia":[{"embeddable":true,"href":"https:\/\/visionpeninsular.com\/mid\/wp-json\/wp\/v2\/media\/45381"}],"wp:attachment":[{"href":"https:\/\/visionpeninsular.com\/mid\/wp-json\/wp\/v2\/media?parent=45380"}],"wp:term":[{"taxonomy":"category","embeddable":true,"href":"https:\/\/visionpeninsular.com\/mid\/wp-json\/wp\/v2\/categories?post=45380"},{"taxonomy":"post_tag","embeddable":true,"href":"https:\/\/visionpeninsular.com\/mid\/wp-json\/wp\/v2\/tags?post=45380"}],"curies":[{"name":"wp","href":"https:\/\/api.w.org\/{rel}","templated":true}]}}