{"id":45268,"date":"2018-09-22T07:12:41","date_gmt":"2018-09-22T12:12:41","guid":{"rendered":"http:\/\/visionpeninsular.com\/mid\/?p=45268"},"modified":"2018-09-22T07:12:41","modified_gmt":"2018-09-22T12:12:41","slug":"pueblo-de-de-homun-sale-a-defender-los-cenotes-de-la-zona","status":"publish","type":"post","link":"https:\/\/visionpeninsular.com\/mid\/pueblo-de-de-homun-sale-a-defender-los-cenotes-de-la-zona\/","title":{"rendered":"Pueblo de  de Hom\u00fan sale a defender los cenotes de la zona"},"content":{"rendered":"<p>Los habitantes de este municipio, organizaron el d\u00eda de ayer una marcha para realizar la clausura simb\u00f3lica de una granja porc\u00edcola que en su opini\u00f3n, consideran que los desechos de dicha granja contaminar\u00e1 el agua de los cenotes causando un gran perjuicio al turismo de la zona.<\/p>\n<p>Al respecto, Marcelino Oy Eu\u00e1n, uno de los organizadores de la marcha, se\u00f1al\u00f3 que los pobladores culpan al gobierno de ese ecocidio.<\/p>\n<p>\u201cNo piensan en un pueblo que vive del turismo ecol\u00f3gico, no piensan en los turistas que llegan por los cruceros y otras v\u00edas, as\u00ed ya no vendr\u00e1n al pueblo porque estar\u00e1n contaminados los cenotes, pues las actividades de la granja tarde o temprano los afectar\u00e1n\u201d, dijo.<\/p>\n<p>\u201cEduardo Batllori dijo que ya hab\u00eda granjas en Hom\u00fan, eso s\u00ed es cierto, pero no mega granjas. En la CONAGUA se denunci\u00f3 que se hicieron pozos en esa zona, tampoco hizo nada y eso que la misma dependencia indic\u00f3 que la empresa no ten\u00eda permiso de perforaciones\u201d, apunt\u00f3.<\/p>\n<p>\u201cNos vamos a organizar los 14 representantes de los cenotes para hacer un escrito dirigido al presidente electo, Andr\u00e9s Manuel L\u00f3pez Obrador, para que tome cartas en el asunto, ya que cuando estaba en campa\u00f1a, al llegar a Ticul en un mitin, mencion\u00f3 el caso de Hom\u00fan y la mega granja. No solo ser\u00e1 un escrito sino formaremos una comisi\u00f3n que viaje a M\u00e9xico para plante\u00e1rselo directamente\u201d, destac\u00f3.<\/p>\n<p>Oy Eu\u00e1n coment\u00f3 que no se descarta de que por medio del Grupo Indignaci\u00f3n el caso sea planteado en Ginebra, Suiza.<\/p>\n<p>Mientras por un lado se realizaba la clausura simb\u00f3lica de la mega granja, recibieron un\u00a0 aviso \u00a0que personal de la PROFEPA estaba clausurando los cenotes que pertenecen a la directiva del movimiento, lo que provoc\u00f3\u00a0 molestia, por lo que que salieron en busca de los funcionarios para pedirles una explicaci\u00f3n; se produjo una gran tensi\u00f3n al encontrarse con los funcionarios, pues incluso hubieron jaloneos en los intentos para sacarlos de los veh\u00edculos y exigir la presentaci\u00f3n de documentos que avalan la orden de clausura de los cenotes.<\/p>\n<p>Los mismos pobladores escoltaron a personal de la PROFEPA para\u00a0 retirar los sellos de clausura que momentos antes hab\u00edan colocado.<\/p>\n<p>&nbsp;<\/p>\n<p>&nbsp;<\/p>\n<div class='share-to-whatsapp-wrapper'><div class='share-on-whsp'>Share on: <\/div><a data-text='Pueblo de  de Hom\u00fan sale a defender los cenotes de la zona' data-link='https:\/\/visionpeninsular.com\/mid\/pueblo-de-de-homun-sale-a-defender-los-cenotes-de-la-zona\/' class='whatsapp-button whatsapp-share'>WhatsApp<\/a><div class='clear '><\/div><\/div>","protected":false},"excerpt":{"rendered":"<p>Los habitantes de este municipio, organizaron el d\u00eda de ayer una marcha para realizar la clausura simb\u00f3lica de una granja porc\u00edcola que en su opini\u00f3n, consideran que los desechos de dicha granja contaminar\u00e1 el agua de los cenotes causando un gran perjuicio al turismo de la zona. Al respecto, Marcelino Oy Eu\u00e1n, uno de los &hellip;<\/p>\n","protected":false},"author":5,"featured_media":45269,"comment_status":"open","ping_status":"open","sticky":false,"template":"","format":"standard","meta":{"_mi_skip_tracking":false},"categories":[50,37],"tags":[12521,12520,3316,12519,373],"_links":{"self":[{"href":"https:\/\/visionpeninsular.com\/mid\/wp-json\/wp\/v2\/posts\/45268"}],"collection":[{"href":"https:\/\/visionpeninsular.com\/mid\/wp-json\/wp\/v2\/posts"}],"about":[{"href":"https:\/\/visionpeninsular.com\/mid\/wp-json\/wp\/v2\/types\/post"}],"author":[{"embeddable":true,"href":"https:\/\/visionpeninsular.com\/mid\/wp-json\/wp\/v2\/users\/5"}],"replies":[{"embeddable":true,"href":"https:\/\/visionpeninsular.com\/mid\/wp-json\/wp\/v2\/comments?post=45268"}],"version-history":[{"count":1,"href":"https:\/\/visionpeninsular.com\/mid\/wp-json\/wp\/v2\/posts\/45268\/revisions"}],"predecessor-version":[{"id":45270,"href":"https:\/\/visionpeninsular.com\/mid\/wp-json\/wp\/v2\/posts\/45268\/revisions\/45270"}],"wp:featuredmedia":[{"embeddable":true,"href":"https:\/\/visionpeninsular.com\/mid\/wp-json\/wp\/v2\/media\/45269"}],"wp:attachment":[{"href":"https:\/\/visionpeninsular.com\/mid\/wp-json\/wp\/v2\/media?parent=45268"}],"wp:term":[{"taxonomy":"category","embeddable":true,"href":"https:\/\/visionpeninsular.com\/mid\/wp-json\/wp\/v2\/categories?post=45268"},{"taxonomy":"post_tag","embeddable":true,"href":"https:\/\/visionpeninsular.com\/mid\/wp-json\/wp\/v2\/tags?post=45268"}],"curies":[{"name":"wp","href":"https:\/\/api.w.org\/{rel}","templated":true}]}}