{"id":45209,"date":"2018-09-21T06:50:15","date_gmt":"2018-09-21T11:50:15","guid":{"rendered":"http:\/\/visionpeninsular.com\/mid\/?p=45209"},"modified":"2018-09-21T07:37:06","modified_gmt":"2018-09-21T12:37:06","slug":"segey-dice-que-se-mantiene-vigente-la-educacion-inicial","status":"publish","type":"post","link":"https:\/\/visionpeninsular.com\/mid\/segey-dice-que-se-mantiene-vigente-la-educacion-inicial\/","title":{"rendered":"SEGEY dice que se mantiene vigente la educaci\u00f3n inicial"},"content":{"rendered":"<p>La Secretar\u00eda de Educaci\u00f3n del Gobierno del Estado (SEGEY), \u00a0aclara que el nivel de Educaci\u00f3n Inicial se mantiene vigente y con la misma estructura ocupacional que durante el ciclo 2017-2018.<\/p>\n<p>Asimismo, informa que se estableci\u00f3 una mesa de trabajo conformada por la Direcci\u00f3n Jur\u00eddica de la dependencia y personal docente y administrativo de los servicios de Educaci\u00f3n Inicial No Escolarizada.<\/p>\n<p>Cabe se\u00f1alar que este servicio educativo, ya sea en su modalidad escolarizada y no escolarizada, tiene como objetivo potenciar el desarrollo integral de habilidades, h\u00e1bitos y valores, as\u00ed como fomentar la autonom\u00eda, la creatividad y las actitudes necesarias en las y los ni\u00f1os en la primera edad, para el desempe\u00f1o personal y social, en un ambiente arm\u00f3nico.<\/p>\n<div class='share-to-whatsapp-wrapper'><div class='share-on-whsp'>Share on: <\/div><a data-text='SEGEY dice que se mantiene vigente la educaci\u00f3n inicial' data-link='https:\/\/visionpeninsular.com\/mid\/segey-dice-que-se-mantiene-vigente-la-educacion-inicial\/' class='whatsapp-button whatsapp-share'>WhatsApp<\/a><div class='clear '><\/div><\/div>","protected":false},"excerpt":{"rendered":"<p>La Secretar\u00eda de Educaci\u00f3n del Gobierno del Estado (SEGEY), \u00a0aclara que el nivel de Educaci\u00f3n Inicial se mantiene vigente y con la misma estructura ocupacional que durante el ciclo 2017-2018. Asimismo, informa que se estableci\u00f3 una mesa de trabajo conformada por la Direcci\u00f3n Jur\u00eddica de la dependencia y personal docente y administrativo de los servicios &hellip;<\/p>\n","protected":false},"author":5,"featured_media":45225,"comment_status":"open","ping_status":"open","sticky":false,"template":"","format":"standard","meta":{"_mi_skip_tracking":false},"categories":[50,37],"tags":[],"_links":{"self":[{"href":"https:\/\/visionpeninsular.com\/mid\/wp-json\/wp\/v2\/posts\/45209"}],"collection":[{"href":"https:\/\/visionpeninsular.com\/mid\/wp-json\/wp\/v2\/posts"}],"about":[{"href":"https:\/\/visionpeninsular.com\/mid\/wp-json\/wp\/v2\/types\/post"}],"author":[{"embeddable":true,"href":"https:\/\/visionpeninsular.com\/mid\/wp-json\/wp\/v2\/users\/5"}],"replies":[{"embeddable":true,"href":"https:\/\/visionpeninsular.com\/mid\/wp-json\/wp\/v2\/comments?post=45209"}],"version-history":[{"count":1,"href":"https:\/\/visionpeninsular.com\/mid\/wp-json\/wp\/v2\/posts\/45209\/revisions"}],"predecessor-version":[{"id":45214,"href":"https:\/\/visionpeninsular.com\/mid\/wp-json\/wp\/v2\/posts\/45209\/revisions\/45214"}],"wp:featuredmedia":[{"embeddable":true,"href":"https:\/\/visionpeninsular.com\/mid\/wp-json\/wp\/v2\/media\/45225"}],"wp:attachment":[{"href":"https:\/\/visionpeninsular.com\/mid\/wp-json\/wp\/v2\/media?parent=45209"}],"wp:term":[{"taxonomy":"category","embeddable":true,"href":"https:\/\/visionpeninsular.com\/mid\/wp-json\/wp\/v2\/categories?post=45209"},{"taxonomy":"post_tag","embeddable":true,"href":"https:\/\/visionpeninsular.com\/mid\/wp-json\/wp\/v2\/tags?post=45209"}],"curies":[{"name":"wp","href":"https:\/\/api.w.org\/{rel}","templated":true}]}}