{"id":45207,"date":"2018-09-21T06:51:59","date_gmt":"2018-09-21T11:51:59","guid":{"rendered":"http:\/\/visionpeninsular.com\/mid\/?p=45207"},"modified":"2018-09-21T07:25:43","modified_gmt":"2018-09-21T12:25:43","slug":"con-la-instalacion-de-semarnat-llegaria-mas-gente-de-fuera","status":"publish","type":"post","link":"https:\/\/visionpeninsular.com\/mid\/con-la-instalacion-de-semarnat-llegaria-mas-gente-de-fuera\/","title":{"rendered":"Con la instalaci\u00f3n de SEMARNAT, llegar\u00eda m\u00e1s gente de fuera"},"content":{"rendered":"<p>Los desarrolladores de vivienda de Yucat\u00e1n dijeron estar dispuestos a dotar de casas a los empleados de la Semarnat que vengan a vivir al estado, como parte de la estrategia de descentralizar las dependencias federales del gobierno federal que propone el presidente electo Andr\u00e9s Manuel L\u00f3pez Obrador, aunque primero esperan que se defina el mecanismo para ello.<\/p>\n<p>El presidente local de la C\u00e1mara Nacional de Desarrollo y Promoci\u00f3n de Vivienda (CANADEVI), Armando Valencia Castillo, dijo que de concretarse la propuesta de AMLO \u00a0de distribuir las Secretar\u00edas en diversos estados del pa\u00eds, se espera que haya una mayor demanda de vivienda para Yucat\u00e1n el pr\u00f3ximo a\u00f1o, siempre y cuando se explique el modo en el que se har\u00e1 este proceso.<\/p>\n<p>\u201cEso (descentralizar las dependencias) podr\u00eda traer m\u00e1s personas a Yucat\u00e1n desde el centro del pa\u00eds que vendr\u00edan a ocupar esos puestos en el \u00e1mbito p\u00fablico. Lo m\u00e1s importante es ver d\u00f3nde se van a instalar y luego se ver\u00edan las necesidades de cada trabajador\u201d, extern\u00f3.<\/p>\n<p>Como ha mencionado el propio presidente electo, Yucat\u00e1n ser\u00e1 la sede de la Semarnat, por lo que se espera que sus trabajadores migren hacia esta entidad para cumplir con su labor, aunque el sindicato que aglutina buena parte de los empleados ha manifestado su rechazo a la propuesta.<\/p>\n<p>De hecho, Valencia Castillo refiri\u00f3 que es un asunto que requiere una importante log\u00edstica, pues se trata de una dependencia con alta concentraci\u00f3n laboral.<\/p>\n<p>\u201cEsta dependencia tiene un edificio de 22 pisos con 50 mil metros cuadrados en la Ciudad de M\u00e9xico y en ella laboran unos seis mil empleados. No hay infraestructura de esta magnitud en M\u00e9rida. Primero tendr\u00edamos que ver d\u00f3nde se van a instalar y luego generar vivienda para esos trabajadores\u201d, apunt\u00f3.<\/p>\n<p>\u201cEs definitivo que la gente necesita un lugar para vivir, pero hay prioridades en este caso\u201d, se\u00f1al\u00f3.<\/p>\n<p>De acuerdo con el sindicato de la Semarnat, \u201csacar\u201d a los empleados de su actual sede causar\u00e1 un desequilibrio en su vida personal, pues muchos ya tienen cr\u00e9ditos de vivienda que tienen que saldar, por lo que muchos han mostrado su descontento con la propuesta de la descentralizaci\u00f3n.<\/p>\n<div class='share-to-whatsapp-wrapper'><div class='share-on-whsp'>Share on: <\/div><a data-text='Con la instalaci\u00f3n de SEMARNAT, llegar\u00eda m\u00e1s gente de fuera' data-link='https:\/\/visionpeninsular.com\/mid\/con-la-instalacion-de-semarnat-llegaria-mas-gente-de-fuera\/' class='whatsapp-button whatsapp-share'>WhatsApp<\/a><div class='clear '><\/div><\/div>","protected":false},"excerpt":{"rendered":"<p>Los desarrolladores de vivienda de Yucat\u00e1n dijeron estar dispuestos a dotar de casas a los empleados de la Semarnat que vengan a vivir al estado, como parte de la estrategia de descentralizar las dependencias federales del gobierno federal que propone el presidente electo Andr\u00e9s Manuel L\u00f3pez Obrador, aunque primero esperan que se defina el mecanismo &hellip;<\/p>\n","protected":false},"author":5,"featured_media":45222,"comment_status":"open","ping_status":"open","sticky":false,"template":"","format":"standard","meta":{"_mi_skip_tracking":false},"categories":[50,37],"tags":[],"_links":{"self":[{"href":"https:\/\/visionpeninsular.com\/mid\/wp-json\/wp\/v2\/posts\/45207"}],"collection":[{"href":"https:\/\/visionpeninsular.com\/mid\/wp-json\/wp\/v2\/posts"}],"about":[{"href":"https:\/\/visionpeninsular.com\/mid\/wp-json\/wp\/v2\/types\/post"}],"author":[{"embeddable":true,"href":"https:\/\/visionpeninsular.com\/mid\/wp-json\/wp\/v2\/users\/5"}],"replies":[{"embeddable":true,"href":"https:\/\/visionpeninsular.com\/mid\/wp-json\/wp\/v2\/comments?post=45207"}],"version-history":[{"count":1,"href":"https:\/\/visionpeninsular.com\/mid\/wp-json\/wp\/v2\/posts\/45207\/revisions"}],"predecessor-version":[{"id":45216,"href":"https:\/\/visionpeninsular.com\/mid\/wp-json\/wp\/v2\/posts\/45207\/revisions\/45216"}],"wp:featuredmedia":[{"embeddable":true,"href":"https:\/\/visionpeninsular.com\/mid\/wp-json\/wp\/v2\/media\/45222"}],"wp:attachment":[{"href":"https:\/\/visionpeninsular.com\/mid\/wp-json\/wp\/v2\/media?parent=45207"}],"wp:term":[{"taxonomy":"category","embeddable":true,"href":"https:\/\/visionpeninsular.com\/mid\/wp-json\/wp\/v2\/categories?post=45207"},{"taxonomy":"post_tag","embeddable":true,"href":"https:\/\/visionpeninsular.com\/mid\/wp-json\/wp\/v2\/tags?post=45207"}],"curies":[{"name":"wp","href":"https:\/\/api.w.org\/{rel}","templated":true}]}}