{"id":45107,"date":"2018-09-19T10:00:00","date_gmt":"2018-09-19T15:00:00","guid":{"rendered":"http:\/\/visionpeninsular.com\/mid\/?p=45107"},"modified":"2018-09-19T10:00:00","modified_gmt":"2018-09-19T15:00:00","slug":"el-alcalde-renan-barrera-ofrece-mayor-impulso-a-eventos-turisticos-y-culturales","status":"publish","type":"post","link":"https:\/\/visionpeninsular.com\/mid\/el-alcalde-renan-barrera-ofrece-mayor-impulso-a-eventos-turisticos-y-culturales\/","title":{"rendered":"El alcalde Ren\u00e1n Barrera ofrece mayor impulso a eventos tur\u00edsticos y culturales"},"content":{"rendered":"<p>Encabeza la presentaci\u00f3n de la tercera edici\u00f3n del Restaurant Week<\/p>\n<p>El alcalde, Ren\u00e1n Barrera Concha, afirm\u00f3 que el Ayuntamiento dar\u00e1 fuerte impulso a eventos como el Restaurant Week, ya que ayudan a posicionar a M\u00e9rida en el pa\u00eds y el mundo como un destino tur\u00edstico y gastron\u00f3mico de relevancia.<\/p>\n<p>Al encabezar la presentaci\u00f3n de la tercera edici\u00f3n del Restaurant Week, que se realizar\u00e1 del 24 al 30 de septiembre, el presidente municipal se\u00f1al\u00f3 que en esta ocasi\u00f3n, por primera vez, se sumar\u00e1n al evento los municipios de Valladolid, Tizim\u00edn y Progreso.<\/p>\n<p>\u2014Con esta participaci\u00f3n se consolida ya como un evento regional, con mayor oferta gastron\u00f3mica \u2014puntualiz\u00f3.<\/p>\n<p>Acompa\u00f1ado de representantes de la Canirac y empresas patrocinadoras, as\u00ed como de directores municipales y regidores, Ren\u00e1n Barrera destac\u00f3 que M\u00e9rida se distingue cada vez m\u00e1s por su oferta tur\u00edstica, cultural y gastron\u00f3mica que es cada vez m\u00e1s estable con eventos que han logrado posicionarse a trav\u00e9s de los a\u00f1os, como el M\u00e9rida Fest, la Noche Blanca y el Restaurant Week.<\/p>\n<p>\u2014Adem\u00e1s, podemos presumir que somos la \u00fanica ciudad del pa\u00eds que cuenta con un evento cultural gratuito de lunes a domingo en el Centro Hist\u00f3rico \u2014expres\u00f3.<\/p>\n<p>Consider\u00f3 que los eventos ya consolidados de la agenda cultural y tur\u00edstica van m\u00e1s all\u00e1 de una administraci\u00f3n municipal o un per\u00edodo constitucional.<\/p>\n<p>Con su consolidaci\u00f3n como parte ya de nuestras ra\u00edces como sociedad, esos eventos se pueden \u201cvender\u201d en autom\u00e1tico en otras partes del pa\u00eds y del mundo.<\/p>\n<p>Destac\u00f3 que, al igual que el a\u00f1o pasado, en esta ocasi\u00f3n los restaurantes que se sumen al evento ofrecer\u00e1n men\u00fas por 119 pesos. Hasta el momento ya se inscribieron 275 restaurantes<\/p>\n<p>Adem\u00e1s, continu\u00f3, en esta ocasi\u00f3n se suman tambi\u00e9n restaurantes de comida vegana y comida fusi\u00f3n.<\/p>\n<p>Agradeci\u00f3 el inter\u00e9s y compromiso de la Canirac, as\u00ed como de las marcas patrocinadoras, por impulsar este este evento hasta llevarlo a la consolidaci\u00f3n que tiene hoy entre la poblaci\u00f3n.<\/p>\n<p>\u2014Es compromiso de este Ayuntamiento colaborar tambi\u00e9n para que en cada una de las ediciones de esta administraci\u00f3n se vuelva m\u00e1s relevante \u2014asegur\u00f3.<\/p>\n<p>La presidenta de la Canirac delegaci\u00f3n Yucat\u00e1n, Alejandra Pacheco Montero, subray\u00f3 que M\u00e9rida, al igual que las grandes capitales del mundo, est\u00e1 apost\u00e1ndole a la promoci\u00f3n de la gastronom\u00eda y la muestra de ello es el apoyo municipal al Restaurant Week, que se ha convertido en el evento gastron\u00f3mico m\u00e1s importante de la ciudad.<\/p>\n<p>Record\u00f3 que, al igual que el a\u00f1o pasado, estar\u00e1n a disposici\u00f3n de los meridanos la app MRW (M\u00e9rida Restaurant Week), as\u00ed como las redes sociales para que el p\u00fablico se entere de los restaurantes participantes, as\u00ed como su oferta, que generalmente ser\u00e1 de entrada, plato fuerte y postre por 119 pesos.<\/p>\n<p>Adem\u00e1s de la presidenta de la Canirac, acompa\u00f1aron al alcalde en el pres\u00eddium Eduardo Seijo Sol\u00eds, director de Desarrollo Econ\u00f3mico y Turismo; Luis Herrera David, vicepresidente de la Canirac delegaci\u00f3n Yucat\u00e1n; Gimel Soberanis Cant\u00f3n, director de eventos especiales de Bepensa y Ana Silvia Molina Sarti, de Relaciones Institucionales de la Cervecer\u00eda Heineken.<\/p>\n<p>&nbsp;<\/p>\n<div class='share-to-whatsapp-wrapper'><div class='share-on-whsp'>Share on: <\/div><a data-text='El alcalde Ren\u00e1n Barrera ofrece mayor impulso a eventos tur\u00edsticos y culturales' data-link='https:\/\/visionpeninsular.com\/mid\/el-alcalde-renan-barrera-ofrece-mayor-impulso-a-eventos-turisticos-y-culturales\/' class='whatsapp-button whatsapp-share'>WhatsApp<\/a><div class='clear '><\/div><\/div>","protected":false},"excerpt":{"rendered":"<p>Encabeza la presentaci\u00f3n de la tercera edici\u00f3n del Restaurant Week El alcalde, Ren\u00e1n Barrera Concha, afirm\u00f3 que el Ayuntamiento dar\u00e1 fuerte impulso a eventos como el Restaurant Week, ya que ayudan a posicionar a M\u00e9rida en el pa\u00eds y el mundo como un destino tur\u00edstico y gastron\u00f3mico de relevancia. Al encabezar la presentaci\u00f3n de la &hellip;<\/p>\n","protected":false},"author":5,"featured_media":45108,"comment_status":"open","ping_status":"open","sticky":false,"template":"","format":"standard","meta":{"_mi_skip_tracking":false},"categories":[50,37],"tags":[41,199,608,5338,77],"_links":{"self":[{"href":"https:\/\/visionpeninsular.com\/mid\/wp-json\/wp\/v2\/posts\/45107"}],"collection":[{"href":"https:\/\/visionpeninsular.com\/mid\/wp-json\/wp\/v2\/posts"}],"about":[{"href":"https:\/\/visionpeninsular.com\/mid\/wp-json\/wp\/v2\/types\/post"}],"author":[{"embeddable":true,"href":"https:\/\/visionpeninsular.com\/mid\/wp-json\/wp\/v2\/users\/5"}],"replies":[{"embeddable":true,"href":"https:\/\/visionpeninsular.com\/mid\/wp-json\/wp\/v2\/comments?post=45107"}],"version-history":[{"count":1,"href":"https:\/\/visionpeninsular.com\/mid\/wp-json\/wp\/v2\/posts\/45107\/revisions"}],"predecessor-version":[{"id":45109,"href":"https:\/\/visionpeninsular.com\/mid\/wp-json\/wp\/v2\/posts\/45107\/revisions\/45109"}],"wp:featuredmedia":[{"embeddable":true,"href":"https:\/\/visionpeninsular.com\/mid\/wp-json\/wp\/v2\/media\/45108"}],"wp:attachment":[{"href":"https:\/\/visionpeninsular.com\/mid\/wp-json\/wp\/v2\/media?parent=45107"}],"wp:term":[{"taxonomy":"category","embeddable":true,"href":"https:\/\/visionpeninsular.com\/mid\/wp-json\/wp\/v2\/categories?post=45107"},{"taxonomy":"post_tag","embeddable":true,"href":"https:\/\/visionpeninsular.com\/mid\/wp-json\/wp\/v2\/tags?post=45107"}],"curies":[{"name":"wp","href":"https:\/\/api.w.org\/{rel}","templated":true}]}}