{"id":44968,"date":"2018-09-15T11:05:49","date_gmt":"2018-09-15T16:05:49","guid":{"rendered":"http:\/\/visionpeninsular.com\/mid\/?p=44968"},"modified":"2018-09-15T11:05:49","modified_gmt":"2018-09-15T16:05:49","slug":"detenidos-por-no-pagar-cuenta-en-un-bar","status":"publish","type":"post","link":"https:\/\/visionpeninsular.com\/mid\/detenidos-por-no-pagar-cuenta-en-un-bar\/","title":{"rendered":"Detenidos por no pagar cuenta en un bar"},"content":{"rendered":"<p>En relaci\u00f3n a un video que est\u00e1 circulando en las redes sociales, la Polic\u00eda Municipal de M\u00e9rida informa sobre la detenci\u00f3n de Jose Emmanuel A. C. y Eduardo de Jes\u00fas A. R. quienes causaron un disturbio en el interior de un bar de la calle 62 por 67, al no querer pagar una cuenta.<\/p>\n<p>Los hechos se suscitaron a las 21:50 horas del d\u00eda de ayer, cuando los elementos polic\u00edacos tomaron conocimiento de un disturbio en el interior de un bar ubicado en la calle arriba mencionada.<\/p>\n<p>Al llegar al lugar, las personas involucradas que intentaron darse a la fuga corriendo sobre la calle 62 en direcci\u00f3n hacia el sur, siendo detenidos sobre la calle 69.<\/p>\n<p>En el momento de la detenci\u00f3n Jos\u00e9 Emmanuel A. C. tom\u00f3 el tel\u00e9fono celular marca Huawei color negro, propiedad de Eduardo de Jes\u00fas A. R. filmando la detenci\u00f3n.<\/p>\n<p>En esos momentos, los elementos policiales procedieron de igual forma a la detenci\u00f3n de Jos\u00e9 Emmanuel A. C. debido a que tambi\u00e9n estuvo involucrado en los hechos.<\/p>\n<p>Ambas personas fueron trasladadas a la C\u00e1rcel Municipal en donde quedaron a disposici\u00f3n de los jueces calificadores.<\/p>\n<p>Cabe indicar que entre las pertenec\u00edas de los detenidos se encontraba el tel\u00e9fono celular marca Huawei color negro, el cual les ser\u00e1 devuelto en el momento de culminar sus horas de arresto<\/p>\n<p>&nbsp;<\/p>\n<div class='share-to-whatsapp-wrapper'><div class='share-on-whsp'>Share on: <\/div><a data-text='Detenidos por no pagar cuenta en un bar' data-link='https:\/\/visionpeninsular.com\/mid\/detenidos-por-no-pagar-cuenta-en-un-bar\/' class='whatsapp-button whatsapp-share'>WhatsApp<\/a><div class='clear '><\/div><\/div>","protected":false},"excerpt":{"rendered":"<p>En relaci\u00f3n a un video que est\u00e1 circulando en las redes sociales, la Polic\u00eda Municipal de M\u00e9rida informa sobre la detenci\u00f3n de Jose Emmanuel A. C. y Eduardo de Jes\u00fas A. R. quienes causaron un disturbio en el interior de un bar de la calle 62 por 67, al no querer pagar una cuenta. Los &hellip;<\/p>\n","protected":false},"author":5,"featured_media":44977,"comment_status":"open","ping_status":"open","sticky":false,"template":"","format":"standard","meta":{"_mi_skip_tracking":false},"categories":[50,37],"tags":[2339,12437,920],"_links":{"self":[{"href":"https:\/\/visionpeninsular.com\/mid\/wp-json\/wp\/v2\/posts\/44968"}],"collection":[{"href":"https:\/\/visionpeninsular.com\/mid\/wp-json\/wp\/v2\/posts"}],"about":[{"href":"https:\/\/visionpeninsular.com\/mid\/wp-json\/wp\/v2\/types\/post"}],"author":[{"embeddable":true,"href":"https:\/\/visionpeninsular.com\/mid\/wp-json\/wp\/v2\/users\/5"}],"replies":[{"embeddable":true,"href":"https:\/\/visionpeninsular.com\/mid\/wp-json\/wp\/v2\/comments?post=44968"}],"version-history":[{"count":1,"href":"https:\/\/visionpeninsular.com\/mid\/wp-json\/wp\/v2\/posts\/44968\/revisions"}],"predecessor-version":[{"id":44978,"href":"https:\/\/visionpeninsular.com\/mid\/wp-json\/wp\/v2\/posts\/44968\/revisions\/44978"}],"wp:featuredmedia":[{"embeddable":true,"href":"https:\/\/visionpeninsular.com\/mid\/wp-json\/wp\/v2\/media\/44977"}],"wp:attachment":[{"href":"https:\/\/visionpeninsular.com\/mid\/wp-json\/wp\/v2\/media?parent=44968"}],"wp:term":[{"taxonomy":"category","embeddable":true,"href":"https:\/\/visionpeninsular.com\/mid\/wp-json\/wp\/v2\/categories?post=44968"},{"taxonomy":"post_tag","embeddable":true,"href":"https:\/\/visionpeninsular.com\/mid\/wp-json\/wp\/v2\/tags?post=44968"}],"curies":[{"name":"wp","href":"https:\/\/api.w.org\/{rel}","templated":true}]}}