{"id":44721,"date":"2018-09-08T09:24:00","date_gmt":"2018-09-08T14:24:00","guid":{"rendered":"http:\/\/visionpeninsular.com\/mid\/?p=44721"},"modified":"2018-09-08T09:24:00","modified_gmt":"2018-09-08T14:24:00","slug":"se-cae-el-teatrito-que-armo-la-fiscalia-para-aclarar-el-crimen-del-camarografo-valladares","status":"publish","type":"post","link":"https:\/\/visionpeninsular.com\/mid\/se-cae-el-teatrito-que-armo-la-fiscalia-para-aclarar-el-crimen-del-camarografo-valladares\/","title":{"rendered":"Se cae el teatrito que arm\u00f3 la Fiscal\u00eda para \u201caclarar\u201d el crimen del camar\u00f3grafo Valladares"},"content":{"rendered":"<p>Alfredo Silva, agente de Seguridad P\u00fablica en Benito Ju\u00e1rez, que fue detenido por polic\u00edas ministeriales, como presunto responsable del asesinato del camar\u00f3grafo Javier Rodr\u00edguez Valladares, ocurrido la semana pasada en la calle Playa Caleta de la Supermanzana 29 de Canc\u00fan, fue puesto en libertad despu\u00e9s de m\u00e1s de una semana en el infierno, con lo que dej\u00f3 claro y sin lugar a duda la incapacidad de la Fiscal\u00eda General del Estado en sus investigaciones.<\/p>\n<p>El infierno de Alfredo Silva inici\u00f3 cuando, de buena fe, se acerc\u00f3 al escuchar detonaciones de arma de fuego, al lugar donde qued\u00f3 el cuerpo inerte del camar\u00f3grafo y un hombre de oficio artesano, que fueron ultimados por desconocidos, que escaparon en un auto.<\/p>\n<p>La FGE logr\u00f3 la vinculaci\u00f3n a proceso del polic\u00eda municipal, que en el momento de los cr\u00edmenes se encontraba franco, y Alfredo Silva pas\u00f3 varios d\u00edas en prisi\u00f3n, pese a que de inmediato se conoci\u00f3 de la existencia de un video donde se ve con claridad, como, en el momento de en que se escucha la balacera donde perdi\u00f3 la ida el camar\u00f3grafo del canal 10, el polic\u00eda se encontraba junto a su esposa y otros comensales dentro de un local de comida.<\/p>\n<p>El caso era insostenible, pese a ello, en sus primeras declaraciones, el fiscal Miguel \u00c1ngel Pech Cen asegur\u00f3 que estaban por buen camino sus investigaciones, incluso, con iron\u00eda reclam\u00f3 a aquellos que le espetaron la pregunta de que si la detenci\u00f3n de Alfredo Silva, era para salir al paso de la presi\u00f3n que los medios ejerc\u00edan para esclarecer el crimen, \u201csi no se investiga, porque no se investiga y se investiga y detiene a alguien entonces, tambi\u00e9n esta mal\u2026quien los entiende\u201d, palabras ir\u00f3nicas de Miguel \u00c1ngel Pech.<\/p>\n<div class='share-to-whatsapp-wrapper'><div class='share-on-whsp'>Share on: <\/div><a data-text='Se cae el teatrito que arm\u00f3 la Fiscal\u00eda para \u201caclarar\u201d el crimen del camar\u00f3grafo Valladares' data-link='https:\/\/visionpeninsular.com\/mid\/se-cae-el-teatrito-que-armo-la-fiscalia-para-aclarar-el-crimen-del-camarografo-valladares\/' class='whatsapp-button whatsapp-share'>WhatsApp<\/a><div class='clear '><\/div><\/div>","protected":false},"excerpt":{"rendered":"<p>Alfredo Silva, agente de Seguridad P\u00fablica en Benito Ju\u00e1rez, que fue detenido por polic\u00edas ministeriales, como presunto responsable del asesinato del camar\u00f3grafo Javier Rodr\u00edguez Valladares, ocurrido la semana pasada en la calle Playa Caleta de la Supermanzana 29 de Canc\u00fan, fue puesto en libertad despu\u00e9s de m\u00e1s de una semana en el infierno, con lo &hellip;<\/p>\n","protected":false},"author":1,"featured_media":44728,"comment_status":"open","ping_status":"open","sticky":false,"template":"","format":"standard","meta":{"_mi_skip_tracking":false},"categories":[48],"tags":[12357],"_links":{"self":[{"href":"https:\/\/visionpeninsular.com\/mid\/wp-json\/wp\/v2\/posts\/44721"}],"collection":[{"href":"https:\/\/visionpeninsular.com\/mid\/wp-json\/wp\/v2\/posts"}],"about":[{"href":"https:\/\/visionpeninsular.com\/mid\/wp-json\/wp\/v2\/types\/post"}],"author":[{"embeddable":true,"href":"https:\/\/visionpeninsular.com\/mid\/wp-json\/wp\/v2\/users\/1"}],"replies":[{"embeddable":true,"href":"https:\/\/visionpeninsular.com\/mid\/wp-json\/wp\/v2\/comments?post=44721"}],"version-history":[{"count":1,"href":"https:\/\/visionpeninsular.com\/mid\/wp-json\/wp\/v2\/posts\/44721\/revisions"}],"predecessor-version":[{"id":44729,"href":"https:\/\/visionpeninsular.com\/mid\/wp-json\/wp\/v2\/posts\/44721\/revisions\/44729"}],"wp:featuredmedia":[{"embeddable":true,"href":"https:\/\/visionpeninsular.com\/mid\/wp-json\/wp\/v2\/media\/44728"}],"wp:attachment":[{"href":"https:\/\/visionpeninsular.com\/mid\/wp-json\/wp\/v2\/media?parent=44721"}],"wp:term":[{"taxonomy":"category","embeddable":true,"href":"https:\/\/visionpeninsular.com\/mid\/wp-json\/wp\/v2\/categories?post=44721"},{"taxonomy":"post_tag","embeddable":true,"href":"https:\/\/visionpeninsular.com\/mid\/wp-json\/wp\/v2\/tags?post=44721"}],"curies":[{"name":"wp","href":"https:\/\/api.w.org\/{rel}","templated":true}]}}