{"id":44661,"date":"2018-09-06T21:45:56","date_gmt":"2018-09-07T02:45:56","guid":{"rendered":"http:\/\/visionpeninsular.com\/mid\/?p=44661"},"modified":"2018-09-07T09:10:35","modified_gmt":"2018-09-07T14:10:35","slug":"diputados-federales-por-yucatan-presentan-iniciativa-para-reducir-tarifas-electricas","status":"publish","type":"post","link":"https:\/\/visionpeninsular.com\/mid\/diputados-federales-por-yucatan-presentan-iniciativa-para-reducir-tarifas-electricas\/","title":{"rendered":"Diputados federales por Yucat\u00e1n presentan iniciativa para reducir tarifas el\u00e9ctricas"},"content":{"rendered":"<p>Los diputados federales por #Yucat\u00e1n, tanto del PRI, Nueva Alianza, Verde y PAN -Dulce Mar\u00eda Sauri, Juan Jos\u00e9 Canul, Mar\u00eda Ester Alonzo, Jes\u00fas Carlos Vidal, El\u00edas Lixa y Cecilia Patr\u00f3n Laviada, acompa\u00f1ados del Vicecoordinador del Sector Energ\u00e9tico de la bancada del PRI, Enrique Ochoa Reza, presentamos iniciativa para revisar y reducir costos de tarifas de energ\u00eda el\u00e9ctrica en Yucat\u00e1n, as\u00ed como impulsar el suministro de gas natural en la entidad:<\/p>\n<div class=\"ead-preview\"><div class=\"ead-document\" style=\"position: relative;padding-top: 90%;\"><div class=\"ead-iframe-wrapper\"><iframe src=\"\/\/docs.google.com\/viewer?url=http%3A%2F%2Fvisionpeninsular.com%2Fmid%2Fwp-content%2Fuploads%2F2018%2F09%2FIniciativaTarifasElectricasYucat%C3%A1n.pdf&amp;embedded=true&amp;hl=en\" title=\"Adjuntar Documento\" class=\"ead-iframe\" style=\"width: 100%;height: 100%;border: none;position: absolute;left: 0;top: 0;visibility: hidden;\"><\/iframe><\/div>\t\t\t<div class=\"ead-document-loading\" style=\"width:100%;height:100%;position:absolute;left:0;top:0;z-index:10;\">\n\t\t\t\t<div class=\"ead-loading-wrap\">\n\t\t\t\t\t<div class=\"ead-loading-main\">\n\t\t\t\t\t\t<div class=\"ead-loading\">\n\t\t\t\t\t\t\t<img src=\"https:\/\/visionpeninsular.com\/mid\/wp-content\/plugins\/embed-any-document\/images\/loading.svg\" width=\"55\" height=\"55\" alt=\"Cargador\">\n\t\t\t\t\t\t\t<span>Cargando...<\/span>\n\t\t\t\t\t\t<\/div>\n\t\t\t\t\t<\/div>\n\t\t\t\t\t<div class=\"ead-loading-foot\">\n\t\t\t\t\t\t<div class=\"ead-loading-foot-title\">\n\t\t\t\t\t\t\t<img src=\"https:\/\/visionpeninsular.com\/mid\/wp-content\/plugins\/embed-any-document\/images\/EAD-logo.svg\" alt=\"Logotipo de EAD\" width=\"36\" height=\"23\"\/>\n\t\t\t\t\t\t\t<span>\u00bfTarda demasiado?<\/span>\n\t\t\t\t\t\t<\/div>\n\t\t\t\t\t\t<p>\n\t\t\t\t\t\t\t<div class=\"ead-document-btn ead-reload-btn\" role=\"button\">\n\t\t\t\t\t\t\t\t<img src=\"https:\/\/visionpeninsular.com\/mid\/wp-content\/plugins\/embed-any-document\/images\/reload.svg\" alt=\"Recargar\" width=\"12\" height=\"12\"\/> Recargar el documento\t\t\t\t\t\t\t<\/div>\n\t\t\t\t\t\t\t<span>|<\/span>\n\t\t\t\t\t\t\t<a href=\"http:\/\/visionpeninsular.com\/mid\/wp-content\/uploads\/2018\/09\/IniciativaTarifasElectricasYucat\u00e1n.pdf\" class=\"ead-document-btn\" target=\"_blank\">\n\t\t\t\t\t\t\t\t<img src=\"https:\/\/visionpeninsular.com\/mid\/wp-content\/plugins\/embed-any-document\/images\/open.svg\" alt=\"Abrir\" width=\"12\" height=\"12\"\/> Abrir en una nueva pesta\u00f1a\t\t\t\t\t\t\t<\/a>\n\t\t\t\t\t<\/div>\n\t\t\t\t<\/div>\n\t\t\t<\/div>\n\t\t<\/div><p class=\"embed_download\"><a href=\"http:\/\/visionpeninsular.com\/mid\/wp-content\/uploads\/2018\/09\/IniciativaTarifasElectricasYucat\u00e1n.pdf\" download >Descargar Documento <\/a><\/p><\/div>\n<div class='share-to-whatsapp-wrapper'><div class='share-on-whsp'>Share on: <\/div><a data-text='Diputados federales por Yucat\u00e1n presentan iniciativa para reducir tarifas el\u00e9ctricas' data-link='https:\/\/visionpeninsular.com\/mid\/diputados-federales-por-yucatan-presentan-iniciativa-para-reducir-tarifas-electricas\/' class='whatsapp-button whatsapp-share'>WhatsApp<\/a><div class='clear '><\/div><\/div>","protected":false},"excerpt":{"rendered":"<p>Los diputados federales por #Yucat\u00e1n, tanto del PRI, Nueva Alianza, Verde y PAN -Dulce Mar\u00eda Sauri, Juan Jos\u00e9 Canul, Mar\u00eda Ester Alonzo, Jes\u00fas Carlos Vidal, El\u00edas Lixa y Cecilia Patr\u00f3n Laviada, acompa\u00f1ados del Vicecoordinador del Sector Energ\u00e9tico de la bancada del PRI, Enrique Ochoa Reza, presentamos iniciativa para revisar y reducir costos de tarifas de &hellip;<\/p>\n","protected":false},"author":5,"featured_media":44667,"comment_status":"open","ping_status":"open","sticky":false,"template":"","format":"standard","meta":{"_mi_skip_tracking":false},"categories":[50],"tags":[],"_links":{"self":[{"href":"https:\/\/visionpeninsular.com\/mid\/wp-json\/wp\/v2\/posts\/44661"}],"collection":[{"href":"https:\/\/visionpeninsular.com\/mid\/wp-json\/wp\/v2\/posts"}],"about":[{"href":"https:\/\/visionpeninsular.com\/mid\/wp-json\/wp\/v2\/types\/post"}],"author":[{"embeddable":true,"href":"https:\/\/visionpeninsular.com\/mid\/wp-json\/wp\/v2\/users\/5"}],"replies":[{"embeddable":true,"href":"https:\/\/visionpeninsular.com\/mid\/wp-json\/wp\/v2\/comments?post=44661"}],"version-history":[{"count":3,"href":"https:\/\/visionpeninsular.com\/mid\/wp-json\/wp\/v2\/posts\/44661\/revisions"}],"predecessor-version":[{"id":44670,"href":"https:\/\/visionpeninsular.com\/mid\/wp-json\/wp\/v2\/posts\/44661\/revisions\/44670"}],"wp:featuredmedia":[{"embeddable":true,"href":"https:\/\/visionpeninsular.com\/mid\/wp-json\/wp\/v2\/media\/44667"}],"wp:attachment":[{"href":"https:\/\/visionpeninsular.com\/mid\/wp-json\/wp\/v2\/media?parent=44661"}],"wp:term":[{"taxonomy":"category","embeddable":true,"href":"https:\/\/visionpeninsular.com\/mid\/wp-json\/wp\/v2\/categories?post=44661"},{"taxonomy":"post_tag","embeddable":true,"href":"https:\/\/visionpeninsular.com\/mid\/wp-json\/wp\/v2\/tags?post=44661"}],"curies":[{"name":"wp","href":"https:\/\/api.w.org\/{rel}","templated":true}]}}