{"id":4449,"date":"2016-05-28T09:10:48","date_gmt":"2016-05-28T14:10:48","guid":{"rendered":"http:\/\/visionpeninsular.com\/mid\/?p=4449"},"modified":"2016-05-28T09:10:48","modified_gmt":"2016-05-28T14:10:48","slug":"profeco-pone-en-marcha-en-campeche-el-programa-nacional-de-capacitacion-sobre-los-derechos-del-consumidor","status":"publish","type":"post","link":"https:\/\/visionpeninsular.com\/mid\/profeco-pone-en-marcha-en-campeche-el-programa-nacional-de-capacitacion-sobre-los-derechos-del-consumidor\/","title":{"rendered":"PROFECO pone en marcha en Campeche el Programa Nacional de Capacitaci\u00f3n sobre los Derechos del Consumidor"},"content":{"rendered":"<p>Las empresas y el gobierno tienen la obligaci\u00f3n de hacer acuerdos para que se respeten los derechos de los consumidores y as\u00ed contribuir a la estabilidad del \u00edndice inflacionario, como se reporta en los \u00faltimos meses.<\/p>\n<p>As\u00ed lo afirm\u00f3 el titular de la Procuradur\u00eda Federal del Consumidor (Profeco), Ernesto Nemer \u00c1lvarez, al poner en marcha en Campeche el Programa Nacional de Capacitaci\u00f3n sobre los Derechos del Consumidor, dirigido a empresarios, particularmente a emprendedores.<\/p>\n<p>En un comunicado, se\u00f1al\u00f3 que la finalidad es prevenir irregularidades a trav\u00e9s de la informaci\u00f3n oportuna, pues una de las tareas de la Profeco es contribuir al crecimiento econ\u00f3mico y sumar a la pol\u00edtica social del gobierno de la Rep\u00fablica a trav\u00e9s de la estabilidad de precios.<\/p>\n<p>Acompa\u00f1ado por el gobernador de la entidad, Alejandro Moreno C\u00e1rdenas, y del delegado de la Profeco en Campeche, Rafael Montero Romero, el funcionario inaugur\u00f3 oficialmente los talleres de capacitaci\u00f3n con integrantes de la C\u00e1mara Nacional de Comercio, Servicios y Turismo (Canaco-Servytur).<\/p>\n<p>A ellos les expres\u00f3 su voluntad de trabajar de manera coordinada para defender el poder adquisitivo respetando la ley, bajo la premisa de que todos somos consumidores.<\/p>\n<p>Nemer \u00c1lvarez afirm\u00f3 que hay una total disposici\u00f3n del gobierno federal para que el modelo de capacitaci\u00f3n a empresarios se replique en todo el territorio nacional con un enfoque preventivo.<\/p>\n<p>El objetivo es alcanzar una verdadera corresponsabilidad entre el sector privado y el gobierno, a trav\u00e9s de una alianza complementaria que se traduzca en beneficios concretos para la sociedad.<\/p>\n<p>\u201cEste \u00e1nimo de conciliaci\u00f3n y respaldo a la actividad econ\u00f3mica con pleno respeto a los derechos del consumidor es la m\u00edstica de trabajo de la Profeco para proteger el poder adquisitivo de las familias\u201d, expuso.<\/p>\n<p>Posterior a la ceremonia, Nemer Alvarez realiz\u00f3 un recorrido por el mercado Pedro S\u00e1inz de Baranda, uno de los m\u00e1s representativos de la capital campechana, donde supervis\u00f3 que los locatarios cumplan con lo estipulado en la Ley Federal de Protecci\u00f3n al Consumidor.<\/p>\n<p>Adem\u00e1s convers\u00f3 con los compradores a quienes refrend\u00f3 el total respaldo del organismo frente a cualquier irregularidad.<\/p>\n<p>M\u00e1s tarde, durante una visita a las oficinas de la delegaci\u00f3n de la Profeco en esta entidad, atestigu\u00f3 la firma de un acuerdo de los integrantes de la industria de la masa y la tortilla de Campeche, en donde \u00e9stos se comprometieron a no incrementar el precio de dichos productos, en tanto se mantenga estable el costo de sus insumos.<\/p>\n<p>Notimex<\/p>\n<div class='share-to-whatsapp-wrapper'><div class='share-on-whsp'>Share on: <\/div><a data-text='PROFECO pone en marcha en Campeche el Programa Nacional de Capacitaci\u00f3n sobre los Derechos del Consumidor' data-link='https:\/\/visionpeninsular.com\/mid\/profeco-pone-en-marcha-en-campeche-el-programa-nacional-de-capacitacion-sobre-los-derechos-del-consumidor\/' class='whatsapp-button whatsapp-share'>WhatsApp<\/a><div class='clear '><\/div><\/div>","protected":false},"excerpt":{"rendered":"<p>Las empresas y el gobierno tienen la obligaci\u00f3n de hacer acuerdos para que se respeten los derechos de los consumidores y as\u00ed contribuir a la estabilidad del \u00edndice inflacionario, como se reporta en los \u00faltimos meses. As\u00ed lo afirm\u00f3 el titular de la Procuradur\u00eda Federal del Consumidor (Profeco), Ernesto Nemer \u00c1lvarez, al poner en marcha &hellip;<\/p>\n","protected":false},"author":1,"featured_media":4450,"comment_status":"open","ping_status":"open","sticky":false,"template":"","format":"standard","meta":{"_mi_skip_tracking":false},"categories":[45],"tags":[206],"_links":{"self":[{"href":"https:\/\/visionpeninsular.com\/mid\/wp-json\/wp\/v2\/posts\/4449"}],"collection":[{"href":"https:\/\/visionpeninsular.com\/mid\/wp-json\/wp\/v2\/posts"}],"about":[{"href":"https:\/\/visionpeninsular.com\/mid\/wp-json\/wp\/v2\/types\/post"}],"author":[{"embeddable":true,"href":"https:\/\/visionpeninsular.com\/mid\/wp-json\/wp\/v2\/users\/1"}],"replies":[{"embeddable":true,"href":"https:\/\/visionpeninsular.com\/mid\/wp-json\/wp\/v2\/comments?post=4449"}],"version-history":[{"count":1,"href":"https:\/\/visionpeninsular.com\/mid\/wp-json\/wp\/v2\/posts\/4449\/revisions"}],"predecessor-version":[{"id":4451,"href":"https:\/\/visionpeninsular.com\/mid\/wp-json\/wp\/v2\/posts\/4449\/revisions\/4451"}],"wp:featuredmedia":[{"embeddable":true,"href":"https:\/\/visionpeninsular.com\/mid\/wp-json\/wp\/v2\/media\/4450"}],"wp:attachment":[{"href":"https:\/\/visionpeninsular.com\/mid\/wp-json\/wp\/v2\/media?parent=4449"}],"wp:term":[{"taxonomy":"category","embeddable":true,"href":"https:\/\/visionpeninsular.com\/mid\/wp-json\/wp\/v2\/categories?post=4449"},{"taxonomy":"post_tag","embeddable":true,"href":"https:\/\/visionpeninsular.com\/mid\/wp-json\/wp\/v2\/tags?post=4449"}],"curies":[{"name":"wp","href":"https:\/\/api.w.org\/{rel}","templated":true}]}}