{"id":44445,"date":"2018-08-31T05:50:49","date_gmt":"2018-08-31T10:50:49","guid":{"rendered":"http:\/\/visionpeninsular.com\/mid\/?p=44445"},"modified":"2018-08-30T22:52:49","modified_gmt":"2018-08-31T03:52:49","slug":"seis-meses-sin-barcos-caribe-empresa-ligada-al-exgobernador-roberto-borge","status":"publish","type":"post","link":"https:\/\/visionpeninsular.com\/mid\/seis-meses-sin-barcos-caribe-empresa-ligada-al-exgobernador-roberto-borge\/","title":{"rendered":"Seis meses sin Barcos Caribe, empresa ligada al exgobernador Roberto Borge"},"content":{"rendered":"<p>Tras los hechos ocurridos en febrero de 2017 cuando un ferry sufri\u00f3 un presunto atentado, los barcos propiedad de la familia Borge Angulo est\u00e1n suspendidos, sin poder dar servicio y bajo investigaci\u00f3n; de las siete embarcaciones que hab\u00edan sido adquiridas en el a\u00f1o 2016, cinco se encuentran en distintas partes del sur del pa\u00eds y dos en \u00c1frica.<\/p>\n<p>Fue el 21 de febrero del 2017 cuando una explosi\u00f3n dentro de un ferry de la empresa Barcos Caribe, presuntamente propiedad del ex gobernador Roberto Borge Angulo, hoy detenido en la Ciudad de M\u00e9xico, conmocion\u00f3 a la prensa mundial.<\/p>\n<p>Aquel estallido provoc\u00f3 que m\u00e1s de 26 personas resultaran lesionadas, luego que un artefacto explosivo, que se encontraba debajo del ferry de Barcos caribe, estall\u00f3 provocando ataques de p\u00e1nico y la movilizaci\u00f3n de distintas corporaciones y servicios de emergencia para atender a los lesionados.<\/p>\n<p>Seg\u00fan informaci\u00f3n de la Procuradur\u00eda General de la Rep\u00fablica, en el a\u00f1o 2016, Barcos Caribe adquiri\u00f3 dos embarcaciones con un costo de 20 millones de pesos cada una.<\/p>\n<p>Tras suspender operaciones se supo que de las siete naves adquiridas, tres se encuentran en Cozumel, dos en Progreso Yucat\u00e1n, y dos en Tanzania, \u00c1frica.<\/p>\n<div class='share-to-whatsapp-wrapper'><div class='share-on-whsp'>Share on: <\/div><a data-text='Seis meses sin Barcos Caribe, empresa ligada al exgobernador Roberto Borge' data-link='https:\/\/visionpeninsular.com\/mid\/seis-meses-sin-barcos-caribe-empresa-ligada-al-exgobernador-roberto-borge\/' class='whatsapp-button whatsapp-share'>WhatsApp<\/a><div class='clear '><\/div><\/div>","protected":false},"excerpt":{"rendered":"<p>Tras los hechos ocurridos en febrero de 2017 cuando un ferry sufri\u00f3 un presunto atentado, los barcos propiedad de la familia Borge Angulo est\u00e1n suspendidos, sin poder dar servicio y bajo investigaci\u00f3n; de las siete embarcaciones que hab\u00edan sido adquiridas en el a\u00f1o 2016, cinco se encuentran en distintas partes del sur del pa\u00eds y &hellip;<\/p>\n","protected":false},"author":1,"featured_media":44446,"comment_status":"open","ping_status":"open","sticky":false,"template":"","format":"standard","meta":{"_mi_skip_tracking":false},"categories":[48],"tags":[2928],"_links":{"self":[{"href":"https:\/\/visionpeninsular.com\/mid\/wp-json\/wp\/v2\/posts\/44445"}],"collection":[{"href":"https:\/\/visionpeninsular.com\/mid\/wp-json\/wp\/v2\/posts"}],"about":[{"href":"https:\/\/visionpeninsular.com\/mid\/wp-json\/wp\/v2\/types\/post"}],"author":[{"embeddable":true,"href":"https:\/\/visionpeninsular.com\/mid\/wp-json\/wp\/v2\/users\/1"}],"replies":[{"embeddable":true,"href":"https:\/\/visionpeninsular.com\/mid\/wp-json\/wp\/v2\/comments?post=44445"}],"version-history":[{"count":1,"href":"https:\/\/visionpeninsular.com\/mid\/wp-json\/wp\/v2\/posts\/44445\/revisions"}],"predecessor-version":[{"id":44447,"href":"https:\/\/visionpeninsular.com\/mid\/wp-json\/wp\/v2\/posts\/44445\/revisions\/44447"}],"wp:featuredmedia":[{"embeddable":true,"href":"https:\/\/visionpeninsular.com\/mid\/wp-json\/wp\/v2\/media\/44446"}],"wp:attachment":[{"href":"https:\/\/visionpeninsular.com\/mid\/wp-json\/wp\/v2\/media?parent=44445"}],"wp:term":[{"taxonomy":"category","embeddable":true,"href":"https:\/\/visionpeninsular.com\/mid\/wp-json\/wp\/v2\/categories?post=44445"},{"taxonomy":"post_tag","embeddable":true,"href":"https:\/\/visionpeninsular.com\/mid\/wp-json\/wp\/v2\/tags?post=44445"}],"curies":[{"name":"wp","href":"https:\/\/api.w.org\/{rel}","templated":true}]}}