{"id":44403,"date":"2018-08-30T06:39:22","date_gmt":"2018-08-30T11:39:22","guid":{"rendered":"http:\/\/visionpeninsular.com\/mid\/?p=44403"},"modified":"2018-08-29T23:42:30","modified_gmt":"2018-08-30T04:42:30","slug":"piden-todo-el-peso-de-la-ley-contra-feminicida-de-felipe-carrillo-puerto","status":"publish","type":"post","link":"https:\/\/visionpeninsular.com\/mid\/piden-todo-el-peso-de-la-ley-contra-feminicida-de-felipe-carrillo-puerto\/","title":{"rendered":"Piden todo el peso de la ley contra feminicida de Felipe Carrillo Puerto"},"content":{"rendered":"<p><strong>Chetumal.<\/strong>\u2013 Al iniciar el procedimiento legal contra el adolescente Jes\u00fas Elizama B.P que el fin de semana, asesin\u00f3 a su novia y la mam\u00e1 de \u00e9sta, los familiares de la se\u00f1ora Roberta C. y su hija Yutzali I. C., exigieron a las autoridades justicia y que no por la edad el asesino, su acto quede impune.<\/p>\n<p>Carlos Alberto Itza Cob\u00e1, acompa\u00f1ado de su hermana menor, Yulisa Itza Cob\u00e1, pidieron a los medios de comunicaci\u00f3n mantener la atenci\u00f3n en el caso del doble feminicidio y aseguran que el responsable, que es un adolescente, su actuaci\u00f3n fue la de un criminal desalmado.<\/p>\n<p>Los familiares agradecieron a la sociedad de Felipe Carrillo Puerto, vecinos, amigos y familiares, ya que debido a la presi\u00f3n que ejercieron y con sus declaraciones, lograron que la Fiscal\u00eda General del Estado reclasificara los asesinatos como feminicidios y no como un robo o asalto, como lo determin\u00f3 en una primera versi\u00f3n.<\/p>\n<p>Carlos Alberto asegur\u00f3 que, de no encontrar apoyo por parte de las autoridades estatales, recurrir\u00e1n a organizaciones nacionales e internacionales encargadas de atender el fen\u00f3meno de feminicidios en busca de ayuda.<\/p>\n<p>\u201cAgotaremos hasta las \u00faltimas instancias para lograr que se haga justicia por el asesinato de mi madre y mi hermanita\u201d.<\/p>\n<div class='share-to-whatsapp-wrapper'><div class='share-on-whsp'>Share on: <\/div><a data-text='Piden todo el peso de la ley contra feminicida de Felipe Carrillo Puerto' data-link='https:\/\/visionpeninsular.com\/mid\/piden-todo-el-peso-de-la-ley-contra-feminicida-de-felipe-carrillo-puerto\/' class='whatsapp-button whatsapp-share'>WhatsApp<\/a><div class='clear '><\/div><\/div>","protected":false},"excerpt":{"rendered":"<p>Chetumal.\u2013 Al iniciar el procedimiento legal contra el adolescente Jes\u00fas Elizama B.P que el fin de semana, asesin\u00f3 a su novia y la mam\u00e1 de \u00e9sta, los familiares de la se\u00f1ora Roberta C. y su hija Yutzali I. C., exigieron a las autoridades justicia y que no por la edad el asesino, su acto quede &hellip;<\/p>\n","protected":false},"author":1,"featured_media":44404,"comment_status":"open","ping_status":"open","sticky":false,"template":"","format":"standard","meta":{"_mi_skip_tracking":false},"categories":[48],"tags":[12250],"_links":{"self":[{"href":"https:\/\/visionpeninsular.com\/mid\/wp-json\/wp\/v2\/posts\/44403"}],"collection":[{"href":"https:\/\/visionpeninsular.com\/mid\/wp-json\/wp\/v2\/posts"}],"about":[{"href":"https:\/\/visionpeninsular.com\/mid\/wp-json\/wp\/v2\/types\/post"}],"author":[{"embeddable":true,"href":"https:\/\/visionpeninsular.com\/mid\/wp-json\/wp\/v2\/users\/1"}],"replies":[{"embeddable":true,"href":"https:\/\/visionpeninsular.com\/mid\/wp-json\/wp\/v2\/comments?post=44403"}],"version-history":[{"count":1,"href":"https:\/\/visionpeninsular.com\/mid\/wp-json\/wp\/v2\/posts\/44403\/revisions"}],"predecessor-version":[{"id":44405,"href":"https:\/\/visionpeninsular.com\/mid\/wp-json\/wp\/v2\/posts\/44403\/revisions\/44405"}],"wp:featuredmedia":[{"embeddable":true,"href":"https:\/\/visionpeninsular.com\/mid\/wp-json\/wp\/v2\/media\/44404"}],"wp:attachment":[{"href":"https:\/\/visionpeninsular.com\/mid\/wp-json\/wp\/v2\/media?parent=44403"}],"wp:term":[{"taxonomy":"category","embeddable":true,"href":"https:\/\/visionpeninsular.com\/mid\/wp-json\/wp\/v2\/categories?post=44403"},{"taxonomy":"post_tag","embeddable":true,"href":"https:\/\/visionpeninsular.com\/mid\/wp-json\/wp\/v2\/tags?post=44403"}],"curies":[{"name":"wp","href":"https:\/\/api.w.org\/{rel}","templated":true}]}}