{"id":44293,"date":"2018-08-28T06:18:15","date_gmt":"2018-08-28T11:18:15","guid":{"rendered":"http:\/\/visionpeninsular.com\/mid\/?p=44293"},"modified":"2018-08-28T06:18:15","modified_gmt":"2018-08-28T11:18:15","slug":"detienen-a-adolescente-por-feminicidio-en-felipe-carrillo-puerto","status":"publish","type":"post","link":"https:\/\/visionpeninsular.com\/mid\/detienen-a-adolescente-por-feminicidio-en-felipe-carrillo-puerto\/","title":{"rendered":"Detienen a adolescente por feminicidio en Felipe Carrillo Puerto"},"content":{"rendered":"<p><strong>CHETUMAL.\u2014<\/strong> J.E.B.P., de 16 a\u00f1os de edad, qui\u00e9n priv\u00f3 de la vida a su novia y a su suegra con un arma blanca en Felipe Carrillo Puerto, fue detenido y puesto a disposici\u00f3n del Ministerio P\u00fablico Especializado en Adolescentes de la ciudad de Chetumal.<span id=\"more-51488\"><\/span><\/p>\n<p>La Fiscal\u00eda General del Estado (FGE) ejecut\u00f3 la orden de aprehensi\u00f3n vigente en contra de un adolescente, derivado del feminicidio suscitado la semana pasada en el municipio de Felipe Carrillo Puerto.<\/p>\n<p>\u201cEn la FGE no permitiremos que lastimen a las mujeres. El que la hace la va a pagar\u201d, afirm\u00f3 la fiscal Guadalupe Reyes<\/p>\n<p>La orden de arresto fue ejecutada hoy y el detenido fue puesto a disposici\u00f3n de la Fiscal\u00eda General del Estado. La investigaci\u00f3n ser\u00e1 llevada por la direcci\u00f3n del Ministerio P\u00fablico Especializado en Adolescentes de la ciudad de Chetumal, debido a que el imputado no cuenta con la mayor\u00eda de edad.<\/p>\n<p>El adolescente ya fue puesto ante el Centro de Internamiento para Adolescentes de \u00e9sta ciudad Capital.<\/p>\n<p>Desde las primeras investigaciones se recabaron los elementos necesarios para reclasificar el delito de homicidio al de feminicidio. La Fiscal\u00eda reiter\u00f3 su compromiso con la ciudadan\u00eda de realizar las investigaciones y presentar todos los datos de prueba ante el \u00f3rgano jurisdiccional correspondiente y que con ello no quede impune ning\u00fan delito.<\/p>\n<div class='share-to-whatsapp-wrapper'><div class='share-on-whsp'>Share on: <\/div><a data-text='Detienen a adolescente por feminicidio en Felipe Carrillo Puerto' data-link='https:\/\/visionpeninsular.com\/mid\/detienen-a-adolescente-por-feminicidio-en-felipe-carrillo-puerto\/' class='whatsapp-button whatsapp-share'>WhatsApp<\/a><div class='clear '><\/div><\/div>","protected":false},"excerpt":{"rendered":"<p>CHETUMAL.\u2014 J.E.B.P., de 16 a\u00f1os de edad, qui\u00e9n priv\u00f3 de la vida a su novia y a su suegra con un arma blanca en Felipe Carrillo Puerto, fue detenido y puesto a disposici\u00f3n del Ministerio P\u00fablico Especializado en Adolescentes de la ciudad de Chetumal. La Fiscal\u00eda General del Estado (FGE) ejecut\u00f3 la orden de aprehensi\u00f3n &hellip;<\/p>\n","protected":false},"author":1,"featured_media":44294,"comment_status":"open","ping_status":"open","sticky":false,"template":"","format":"standard","meta":{"_mi_skip_tracking":false},"categories":[48],"tags":[190],"_links":{"self":[{"href":"https:\/\/visionpeninsular.com\/mid\/wp-json\/wp\/v2\/posts\/44293"}],"collection":[{"href":"https:\/\/visionpeninsular.com\/mid\/wp-json\/wp\/v2\/posts"}],"about":[{"href":"https:\/\/visionpeninsular.com\/mid\/wp-json\/wp\/v2\/types\/post"}],"author":[{"embeddable":true,"href":"https:\/\/visionpeninsular.com\/mid\/wp-json\/wp\/v2\/users\/1"}],"replies":[{"embeddable":true,"href":"https:\/\/visionpeninsular.com\/mid\/wp-json\/wp\/v2\/comments?post=44293"}],"version-history":[{"count":1,"href":"https:\/\/visionpeninsular.com\/mid\/wp-json\/wp\/v2\/posts\/44293\/revisions"}],"predecessor-version":[{"id":44295,"href":"https:\/\/visionpeninsular.com\/mid\/wp-json\/wp\/v2\/posts\/44293\/revisions\/44295"}],"wp:featuredmedia":[{"embeddable":true,"href":"https:\/\/visionpeninsular.com\/mid\/wp-json\/wp\/v2\/media\/44294"}],"wp:attachment":[{"href":"https:\/\/visionpeninsular.com\/mid\/wp-json\/wp\/v2\/media?parent=44293"}],"wp:term":[{"taxonomy":"category","embeddable":true,"href":"https:\/\/visionpeninsular.com\/mid\/wp-json\/wp\/v2\/categories?post=44293"},{"taxonomy":"post_tag","embeddable":true,"href":"https:\/\/visionpeninsular.com\/mid\/wp-json\/wp\/v2\/tags?post=44293"}],"curies":[{"name":"wp","href":"https:\/\/api.w.org\/{rel}","templated":true}]}}