{"id":44197,"date":"2018-08-24T13:03:58","date_gmt":"2018-08-24T18:03:58","guid":{"rendered":"http:\/\/visionpeninsular.com\/mid\/?p=44197"},"modified":"2018-08-24T13:03:58","modified_gmt":"2018-08-24T18:03:58","slug":"seguira-en-prision-por-violar-a-su-hijastra-de-8-anos","status":"publish","type":"post","link":"https:\/\/visionpeninsular.com\/mid\/seguira-en-prision-por-violar-a-su-hijastra-de-8-anos\/","title":{"rendered":"Seguir\u00e1 en prisi\u00f3n por violar a su hijastra de 8 a\u00f1os"},"content":{"rendered":"<p>Acusado del delito de violaci\u00f3n equiparada agravada, fue vinculado a proceso el ciudadano I.A.O.; en la audiencia realizada en el Juzgado Primero de Control del Segundo Distrito Judicial con sede en Kanas\u00edn, donde la autoridad judicial evalu\u00f3 los datos aportados por la Fiscal\u00eda General del Estado (FGE), que obran en la causa penal 31\/2018.<\/p>\n<p>Tras decretarse el auto de vinculaci\u00f3n a proceso, la Fiscal\u00eda solicit\u00f3 la medida cautelar de prisi\u00f3n preventiva, misma que fue otorgada de manera oficiosa, por todo el tiempo que dure el proceso, por lo que I.A.O. permanecer\u00e1 privado de su libertad mientras se contin\u00faa con la indagatoria del caso.<\/p>\n<p>De acuerdo con la informaci\u00f3n reunida en la carpeta de investigaci\u00f3n correspondiente, los hechos ocurrieron en el interior de un predio en el Fraccionamiento San \u00c1ngel, en la ciudad de Kanas\u00edn, donde el indiciado fue sorprendido por la denunciante, cuando presuntamente ejerciendo violencia f\u00edsica cometi\u00f3 el delito en agravio de una menor de edad y de identidad reservada.<\/p>\n<p>Una vez vinculado a proceso el indiciado, la Fiscal\u00eda dispone de un plazo de cinco meses para el cierre de investigaci\u00f3n, tiempo durante el cual continuar\u00e1 con las diligencias del caso, para obtener la informaci\u00f3n necesaria que permita definir la situaci\u00f3n jur\u00eddica de I.A.O.<\/p>\n<p>&nbsp;<\/p>\n<div class='share-to-whatsapp-wrapper'><div class='share-on-whsp'>Share on: <\/div><a data-text='Seguir\u00e1 en prisi\u00f3n por violar a su hijastra de 8 a\u00f1os' data-link='https:\/\/visionpeninsular.com\/mid\/seguira-en-prision-por-violar-a-su-hijastra-de-8-anos\/' class='whatsapp-button whatsapp-share'>WhatsApp<\/a><div class='clear '><\/div><\/div>","protected":false},"excerpt":{"rendered":"<p>Acusado del delito de violaci\u00f3n equiparada agravada, fue vinculado a proceso el ciudadano I.A.O.; en la audiencia realizada en el Juzgado Primero de Control del Segundo Distrito Judicial con sede en Kanas\u00edn, donde la autoridad judicial evalu\u00f3 los datos aportados por la Fiscal\u00eda General del Estado (FGE), que obran en la causa penal 31\/2018. Tras &hellip;<\/p>\n","protected":false},"author":5,"featured_media":44198,"comment_status":"open","ping_status":"open","sticky":false,"template":"","format":"standard","meta":{"_mi_skip_tracking":false},"categories":[50,37],"tags":[1499,1115,5952,11931],"_links":{"self":[{"href":"https:\/\/visionpeninsular.com\/mid\/wp-json\/wp\/v2\/posts\/44197"}],"collection":[{"href":"https:\/\/visionpeninsular.com\/mid\/wp-json\/wp\/v2\/posts"}],"about":[{"href":"https:\/\/visionpeninsular.com\/mid\/wp-json\/wp\/v2\/types\/post"}],"author":[{"embeddable":true,"href":"https:\/\/visionpeninsular.com\/mid\/wp-json\/wp\/v2\/users\/5"}],"replies":[{"embeddable":true,"href":"https:\/\/visionpeninsular.com\/mid\/wp-json\/wp\/v2\/comments?post=44197"}],"version-history":[{"count":1,"href":"https:\/\/visionpeninsular.com\/mid\/wp-json\/wp\/v2\/posts\/44197\/revisions"}],"predecessor-version":[{"id":44199,"href":"https:\/\/visionpeninsular.com\/mid\/wp-json\/wp\/v2\/posts\/44197\/revisions\/44199"}],"wp:featuredmedia":[{"embeddable":true,"href":"https:\/\/visionpeninsular.com\/mid\/wp-json\/wp\/v2\/media\/44198"}],"wp:attachment":[{"href":"https:\/\/visionpeninsular.com\/mid\/wp-json\/wp\/v2\/media?parent=44197"}],"wp:term":[{"taxonomy":"category","embeddable":true,"href":"https:\/\/visionpeninsular.com\/mid\/wp-json\/wp\/v2\/categories?post=44197"},{"taxonomy":"post_tag","embeddable":true,"href":"https:\/\/visionpeninsular.com\/mid\/wp-json\/wp\/v2\/tags?post=44197"}],"curies":[{"name":"wp","href":"https:\/\/api.w.org\/{rel}","templated":true}]}}