{"id":44066,"date":"2018-08-21T06:51:08","date_gmt":"2018-08-21T11:51:08","guid":{"rendered":"http:\/\/visionpeninsular.com\/mid\/?p=44066"},"modified":"2018-08-21T06:51:08","modified_gmt":"2018-08-21T11:51:08","slug":"embargan-una-propiedad-y-6-vehiculos-a-mario-castro-y-seguira-en-prision-preventiva","status":"publish","type":"post","link":"https:\/\/visionpeninsular.com\/mid\/embargan-una-propiedad-y-6-vehiculos-a-mario-castro-y-seguira-en-prision-preventiva\/","title":{"rendered":"Embargan una propiedad y 6 veh\u00edculos a Mario Castro y seguir\u00e1 en prisi\u00f3n preventiva"},"content":{"rendered":"<p><strong>Chetumal, Quintana Roo.-<\/strong> La Fiscal\u00eda General del Estado, a trav\u00e9s de la Fiscal\u00eda Especializada en Combate a la Corrupci\u00f3n informa que, fiscales adscritos a esta fiscal\u00eda especializada realizaron la audiencia de formulaci\u00f3n de imputaci\u00f3n ante el juez de control del distrito judicial de Chetumal celebrada esta tarde, en contra de Mario \u201cN\u201d derivado de la carpeta administrativa 151\/2017, por el delito de Desempe\u00f1o irregular de la funci\u00f3n p\u00fablica.<\/p>\n<p>Mario \u201cN\u201d, a trav\u00e9s de su defensa solicit\u00f3 al juez de control la ampliaci\u00f3n de t\u00e9rmino constitucional del que tiene derecho, motivo por el cual se se\u00f1al\u00f3 que a las 10:00 horas del d\u00eda 25 de agosto de 2018, se reanude la audiencia a efecto de que la autoridad jurisdiccional emita la resoluci\u00f3n correspondiente respecto a la acusaci\u00f3n realizada por la Fiscal\u00eda Especializada.<\/p>\n<p>Los fiscales adscritos, solicitaron como medidas cautelares, la prisi\u00f3n preventiva justificada, toda vez que no existe arraigo y existe un riesgo de fuga, as\u00ed como embargo de un bien inmueble ubicado en el municipio de Oth\u00f3n P. Banco y 6 veh\u00edculos. El juez de control acepto todas las medidas cautelares de los fiscales de anticorrupci\u00f3n, incluyendo la prisi\u00f3n preventiva justificada de manera provisional en lo que se resuelve su situaci\u00f3n jur\u00eddica el d\u00eda 25 de agosto.<\/p>\n<p>La Fiscal\u00eda Especializada en Combate a la Corrupci\u00f3n mantiene su compromiso de procuraci\u00f3n de justicia con base en el C\u00f3digo Nacional de Procedimientos Penales, con estricto apego a los derechos humanos y en virtud de todos los quintanarroenses.<\/p>\n<div class='share-to-whatsapp-wrapper'><div class='share-on-whsp'>Share on: <\/div><a data-text='Embargan una propiedad y 6 veh\u00edculos a Mario Castro y seguir\u00e1 en prisi\u00f3n preventiva' data-link='https:\/\/visionpeninsular.com\/mid\/embargan-una-propiedad-y-6-vehiculos-a-mario-castro-y-seguira-en-prision-preventiva\/' class='whatsapp-button whatsapp-share'>WhatsApp<\/a><div class='clear '><\/div><\/div>","protected":false},"excerpt":{"rendered":"<p>Chetumal, Quintana Roo.- La Fiscal\u00eda General del Estado, a trav\u00e9s de la Fiscal\u00eda Especializada en Combate a la Corrupci\u00f3n informa que, fiscales adscritos a esta fiscal\u00eda especializada realizaron la audiencia de formulaci\u00f3n de imputaci\u00f3n ante el juez de control del distrito judicial de Chetumal celebrada esta tarde, en contra de Mario \u201cN\u201d derivado de la &hellip;<\/p>\n","protected":false},"author":1,"featured_media":44067,"comment_status":"open","ping_status":"open","sticky":false,"template":"","format":"standard","meta":{"_mi_skip_tracking":false},"categories":[48],"tags":[12120],"_links":{"self":[{"href":"https:\/\/visionpeninsular.com\/mid\/wp-json\/wp\/v2\/posts\/44066"}],"collection":[{"href":"https:\/\/visionpeninsular.com\/mid\/wp-json\/wp\/v2\/posts"}],"about":[{"href":"https:\/\/visionpeninsular.com\/mid\/wp-json\/wp\/v2\/types\/post"}],"author":[{"embeddable":true,"href":"https:\/\/visionpeninsular.com\/mid\/wp-json\/wp\/v2\/users\/1"}],"replies":[{"embeddable":true,"href":"https:\/\/visionpeninsular.com\/mid\/wp-json\/wp\/v2\/comments?post=44066"}],"version-history":[{"count":1,"href":"https:\/\/visionpeninsular.com\/mid\/wp-json\/wp\/v2\/posts\/44066\/revisions"}],"predecessor-version":[{"id":44068,"href":"https:\/\/visionpeninsular.com\/mid\/wp-json\/wp\/v2\/posts\/44066\/revisions\/44068"}],"wp:featuredmedia":[{"embeddable":true,"href":"https:\/\/visionpeninsular.com\/mid\/wp-json\/wp\/v2\/media\/44067"}],"wp:attachment":[{"href":"https:\/\/visionpeninsular.com\/mid\/wp-json\/wp\/v2\/media?parent=44066"}],"wp:term":[{"taxonomy":"category","embeddable":true,"href":"https:\/\/visionpeninsular.com\/mid\/wp-json\/wp\/v2\/categories?post=44066"},{"taxonomy":"post_tag","embeddable":true,"href":"https:\/\/visionpeninsular.com\/mid\/wp-json\/wp\/v2\/tags?post=44066"}],"curies":[{"name":"wp","href":"https:\/\/api.w.org\/{rel}","templated":true}]}}