{"id":43986,"date":"2018-08-18T11:30:12","date_gmt":"2018-08-18T16:30:12","guid":{"rendered":"http:\/\/visionpeninsular.com\/mid\/?p=43986"},"modified":"2018-08-18T11:30:12","modified_gmt":"2018-08-18T16:30:12","slug":"manifestacion-de-rechazo-al-alza-de-tarifas-del-transporte-urbano","status":"publish","type":"post","link":"https:\/\/visionpeninsular.com\/mid\/manifestacion-de-rechazo-al-alza-de-tarifas-del-transporte-urbano\/","title":{"rendered":"Manifestaci\u00f3n de rechazo al alza de tarifas del transporte urbano"},"content":{"rendered":"<p>Un nutrido grupo de manifestantes integrantes de sindicatos, agrupaciones estudiantiles y \u00a0sociedad civil, \u00a0tomaron las calles ayer por la tarde para rechazar p\u00fablicamente el alza de tarifas del transporte urbano, as\u00ed como tambi\u00e9n demandar una reingenier\u00eda social que mejore el servicio, as\u00ed como establecer mesas de di\u00e1logo entre gobierno, concesionarios e integrantes del Movimiento por la Movilidad de M\u00e9rida.<\/p>\n<p>El contingente parti\u00f3 \u00a0del Parque de San Juan rumbo a la Plaza Grande,\u00a0 alrededor de las 5.45 iniciaron la marcha hacia el Palacio de Gobierno y Palacio Municipal.<\/p>\n<p>\u201c\u00a1No al alza, al pueblo no le alcanza!\u201d, fue el grito que durante todo el trayecto son\u00f3, seguido de otro que dec\u00eda \u201cLucha, lucha, lucha, no dejes de luchar, por un transporte urbano, eficiente y popular\u201d.<\/p>\n<p>Visitaron las instalaciones de la Alianza de Camioneros de Yucat\u00e1n (ACY), demandando que gobierno y concesionarios mejoren el servicio p\u00fablico, as\u00ed como la transparencia de concesoiones en cuanto a quienes son los que las tienen y cu\u00e1les son sus compromisos.<\/p>\n<p>Rechazaron el alza al transporte de 13 pesos la tarifa que pretenden los concesionarios, adem\u00e1s de que dijeron debe haber nuevas rutas y una visi\u00f3n ecol\u00f3gica en este servicio.<\/p>\n<p>Luego de un breve mitin frente a Palacio de Gobierno y frente al Ayuntamiento, los manifestantes entregaron un pliego de peticiones y dijeron que es producto del Foro por la Movilidad de M\u00e9rida que se llev\u00f3 a cabo en d\u00edas pasados.<\/p>\n<p>En el documento entregado se establece que el transporte p\u00fablico es el motor de desarrollo, adem\u00e1s de un derecho p\u00fablico que est\u00e1 concesionado a particulares y que hoy no funciona, pues su funcionamiento es gris y con una visi\u00f3n alejada de las necesidades de la poblaci\u00f3n.<\/p>\n<p>\u201cSi no cambian, si no se transforman, ser\u00e1n sustituidos por otros que est\u00e9n a la altura de la ciudadan\u00eda. Queremos que se den resultados y que no se deje a un estudiante con la mano alzada o que no se d\u00e9 parada a un adulto mayor\u201d, se\u00f1alaron.<\/p>\n<p>Se\u00f1alaron que no se trata de una confrontaci\u00f3n con los transportistas, pero advirtieron que el movimiento no ser\u00e1 \u201cllamarada de petate\u201d o una v\u00e1lvula de escape del encono social, pero seguir\u00e1 luchando por un cambio verdadero en el sistema de transporte.<\/p>\n<p>\u201cNos han fallado y nos obligan a organizarnos e invitamos a la ciudadan\u00eda a sumarse a la discusi\u00f3n y que se integren mesas de trabajo para tener m\u00e1s propuestas\u201d, se\u00f1alaron.<\/p>\n<p>&nbsp;<\/p>\n<p>&nbsp;<\/p>\n<div class='share-to-whatsapp-wrapper'><div class='share-on-whsp'>Share on: <\/div><a data-text='Manifestaci\u00f3n de rechazo al alza de tarifas del transporte urbano' data-link='https:\/\/visionpeninsular.com\/mid\/manifestacion-de-rechazo-al-alza-de-tarifas-del-transporte-urbano\/' class='whatsapp-button whatsapp-share'>WhatsApp<\/a><div class='clear '><\/div><\/div>","protected":false},"excerpt":{"rendered":"<p>Un nutrido grupo de manifestantes integrantes de sindicatos, agrupaciones estudiantiles y \u00a0sociedad civil, \u00a0tomaron las calles ayer por la tarde para rechazar p\u00fablicamente el alza de tarifas del transporte urbano, as\u00ed como tambi\u00e9n demandar una reingenier\u00eda social que mejore el servicio, as\u00ed como establecer mesas de di\u00e1logo entre gobierno, concesionarios e integrantes del Movimiento por &hellip;<\/p>\n","protected":false},"author":5,"featured_media":43987,"comment_status":"open","ping_status":"open","sticky":false,"template":"","format":"standard","meta":{"_mi_skip_tracking":false},"categories":[50,37],"tags":[1283,12100,12099],"_links":{"self":[{"href":"https:\/\/visionpeninsular.com\/mid\/wp-json\/wp\/v2\/posts\/43986"}],"collection":[{"href":"https:\/\/visionpeninsular.com\/mid\/wp-json\/wp\/v2\/posts"}],"about":[{"href":"https:\/\/visionpeninsular.com\/mid\/wp-json\/wp\/v2\/types\/post"}],"author":[{"embeddable":true,"href":"https:\/\/visionpeninsular.com\/mid\/wp-json\/wp\/v2\/users\/5"}],"replies":[{"embeddable":true,"href":"https:\/\/visionpeninsular.com\/mid\/wp-json\/wp\/v2\/comments?post=43986"}],"version-history":[{"count":1,"href":"https:\/\/visionpeninsular.com\/mid\/wp-json\/wp\/v2\/posts\/43986\/revisions"}],"predecessor-version":[{"id":43988,"href":"https:\/\/visionpeninsular.com\/mid\/wp-json\/wp\/v2\/posts\/43986\/revisions\/43988"}],"wp:featuredmedia":[{"embeddable":true,"href":"https:\/\/visionpeninsular.com\/mid\/wp-json\/wp\/v2\/media\/43987"}],"wp:attachment":[{"href":"https:\/\/visionpeninsular.com\/mid\/wp-json\/wp\/v2\/media?parent=43986"}],"wp:term":[{"taxonomy":"category","embeddable":true,"href":"https:\/\/visionpeninsular.com\/mid\/wp-json\/wp\/v2\/categories?post=43986"},{"taxonomy":"post_tag","embeddable":true,"href":"https:\/\/visionpeninsular.com\/mid\/wp-json\/wp\/v2\/tags?post=43986"}],"curies":[{"name":"wp","href":"https:\/\/api.w.org\/{rel}","templated":true}]}}