{"id":4375,"date":"2016-05-27T06:29:53","date_gmt":"2016-05-27T11:29:53","guid":{"rendered":"http:\/\/visionpeninsular.com\/mid\/?p=4375"},"modified":"2016-05-27T06:29:53","modified_gmt":"2016-05-27T11:29:53","slug":"confirman-en-campeche-caso-de-bullying-en-secundaria","status":"publish","type":"post","link":"https:\/\/visionpeninsular.com\/mid\/confirman-en-campeche-caso-de-bullying-en-secundaria\/","title":{"rendered":"Confirman en Campeche caso de bullying en secundaria"},"content":{"rendered":"<p>(Agencias)<br \/>\nEl DIF de Ciudad del Carmen, Campeche, confirm\u00f3 que est\u00e1n atendiendo a una menor de edad que fue v\u00edctima de bullying en una secundaria de la comunidad Nuevo Progreso.<\/p>\n<p>A trav\u00e9s de un comunicado, la Presidencia Municipal de Ciudad del Carmen asegur\u00f3 que abri\u00f3 una investigaci\u00f3n para atender el caso de acoso escolar contra una menor el pasado 13 de mayo.<\/p>\n<p>La investigaci\u00f3n recaer\u00e1 sobre la Escuela Secundaria T\u00e9cnica No.41 en Nuevo Progreso \u201cpara solicitar un informe del caso y verificar la labor de los docentes y trabajador social, as\u00ed como el trato que reciben los estudiantes\u201d.<\/p>\n<p>En la investigaci\u00f3n se contar\u00e1 con la participaci\u00f3n de empleados de la Secretar\u00eda de Educaci\u00f3n del Estado de Campeche (SEDUC).<\/p>\n<p>Debido a que qued\u00f3 inconsciente por los golpes recibidos, la menor de 12 a\u00f1os de edad tuvo que ser trasladada de la Escuela Secundaria T\u00e9cnica No.41 en Nuevo Progreso, al Hospital General \u201cMar\u00eda del Socorro Quiroga Aguilar\u201d.<\/p>\n<p>La menor ha recibido la atenci\u00f3n de la presidenta del Patronato DIF, Rosemarie Lazarus Jaber, as\u00ed como del alcalde Pablo Guti\u00e9rrez Lazarus. Adem\u00e1s se ha presentado personal de la Procuradur\u00eda Auxiliar de la Defensa del Menor y la Familia.<\/p>\n<p>De acuerdo al gobierno local, la psic\u00f3logo \u201cseguir\u00e1 brindando terapia (a la menor) a fin de lograr su recuperaci\u00f3n integral, logrando su reincorporaci\u00f3n escolar y en materia legal lograr la restituci\u00f3n de los derechos que le hayan sido vulnerados\u201d.<\/p>\n<div class='share-to-whatsapp-wrapper'><div class='share-on-whsp'>Share on: <\/div><a data-text='Confirman en Campeche caso de bullying en secundaria' data-link='https:\/\/visionpeninsular.com\/mid\/confirman-en-campeche-caso-de-bullying-en-secundaria\/' class='whatsapp-button whatsapp-share'>WhatsApp<\/a><div class='clear '><\/div><\/div>","protected":false},"excerpt":{"rendered":"<p>(Agencias) El DIF de Ciudad del Carmen, Campeche, confirm\u00f3 que est\u00e1n atendiendo a una menor de edad que fue v\u00edctima de bullying en una secundaria de la comunidad Nuevo Progreso. A trav\u00e9s de un comunicado, la Presidencia Municipal de Ciudad del Carmen asegur\u00f3 que abri\u00f3 una investigaci\u00f3n para atender el caso de acoso escolar contra &hellip;<\/p>\n","protected":false},"author":1,"featured_media":4376,"comment_status":"open","ping_status":"open","sticky":false,"template":"","format":"standard","meta":{"_mi_skip_tracking":false},"categories":[45],"tags":[338],"_links":{"self":[{"href":"https:\/\/visionpeninsular.com\/mid\/wp-json\/wp\/v2\/posts\/4375"}],"collection":[{"href":"https:\/\/visionpeninsular.com\/mid\/wp-json\/wp\/v2\/posts"}],"about":[{"href":"https:\/\/visionpeninsular.com\/mid\/wp-json\/wp\/v2\/types\/post"}],"author":[{"embeddable":true,"href":"https:\/\/visionpeninsular.com\/mid\/wp-json\/wp\/v2\/users\/1"}],"replies":[{"embeddable":true,"href":"https:\/\/visionpeninsular.com\/mid\/wp-json\/wp\/v2\/comments?post=4375"}],"version-history":[{"count":2,"href":"https:\/\/visionpeninsular.com\/mid\/wp-json\/wp\/v2\/posts\/4375\/revisions"}],"predecessor-version":[{"id":4378,"href":"https:\/\/visionpeninsular.com\/mid\/wp-json\/wp\/v2\/posts\/4375\/revisions\/4378"}],"wp:featuredmedia":[{"embeddable":true,"href":"https:\/\/visionpeninsular.com\/mid\/wp-json\/wp\/v2\/media\/4376"}],"wp:attachment":[{"href":"https:\/\/visionpeninsular.com\/mid\/wp-json\/wp\/v2\/media?parent=4375"}],"wp:term":[{"taxonomy":"category","embeddable":true,"href":"https:\/\/visionpeninsular.com\/mid\/wp-json\/wp\/v2\/categories?post=4375"},{"taxonomy":"post_tag","embeddable":true,"href":"https:\/\/visionpeninsular.com\/mid\/wp-json\/wp\/v2\/tags?post=4375"}],"curies":[{"name":"wp","href":"https:\/\/api.w.org\/{rel}","templated":true}]}}