{"id":43371,"date":"2018-07-30T07:08:16","date_gmt":"2018-07-30T12:08:16","guid":{"rendered":"http:\/\/visionpeninsular.com\/mid\/?p=43371"},"modified":"2018-07-30T07:08:16","modified_gmt":"2018-07-30T12:08:16","slug":"quieren-taxistas-aumento-a-tarifas-en-chetumal","status":"publish","type":"post","link":"https:\/\/visionpeninsular.com\/mid\/quieren-taxistas-aumento-a-tarifas-en-chetumal\/","title":{"rendered":"Quieren taxistas aumento a tarifas en Chetumal"},"content":{"rendered":"<p>Ser\u00e1 durante el mes de agosto cuando se defina si se autoriza a los sindicatos de taxistas del Estado que aumenten sus tarifas de servicio, situaci\u00f3n que, de acuer\u00addo con el director de Comunicaciones y Transportes (DCT) de la SINTRA, Alejan\u00addro Ramos Hern\u00e1ndez, resulta muy factible.<\/p>\n<p>Y aunque el secretario de Infraestructura y Transporte (SINTRA), William Conrado, se\u00f1al\u00f3 que no exist\u00eda una solicitud de incremento, el titular de la DCT aclar\u00f3 que la misma fue presentada desde el a\u00f1o pasado, pero sin el protocolo correspondiente.<\/p>\n<p>Incluso, resalt\u00f3 que la petici\u00f3n de aumento es del 35 por ciento y que inclui\u00adr\u00eda a 16 de los 17 sindicatos que conforman el Frente \u00danico de Trabajadores del Volante (FUTV), pues en Cozumel actualizaron sus tarifas el a\u00f1o pasado.<\/p>\n<p>Hay que destacar que el l\u00edder del Sindicato \u00danico de Choferes de Autom\u00f3viles de Alquiler (SUCHAA), Sergio Cetina Valle, asegur\u00f3 la semana pasada que pre\u00adsentaron a la SINTRA su solicitud formal de aumento de tarifas de servicio y que al menos otros siete sindicatos har\u00edan lo propio.<\/p>\n<p>Sin embargo, William Conrado manifest\u00f3 que a sus manos no hab\u00eda llega\u00addo solicitud alguna de aumento para tarifas de taxi en los municipios del estado.<\/p>\n<blockquote><p>\u00a0\u201cOficialmente no la tengo (la solicitud), hay un protocolo de entrega, hab\u00edan rumores que lo iban a hacer la semana pasada pero no fue as\u00ed.<\/p><\/blockquote>\n<p>Los sindicatos tienen raz\u00f3n, pero tambi\u00e9n la poblaci\u00f3n tiene raz\u00f3n, tenemos que analizar de cuanto se va a incrementar el taxi\u201d, manifest\u00f3.<\/p>\n<h2>M\u00e1s avances<\/h2>\n<p>Alejandro Ramos insisti\u00f3 en que s\u00ed existe la so\u00adlicitud, que fue presentada desde el a\u00f1o pasado, aunque reconoci\u00f3 que no realizaron el protocolo como lo establece el reglamento en la materia.<\/p>\n<p>Sin embargo, dijo que est\u00e1n en proceso de an\u00e1lisis y que en los primeros d\u00edas de agosto se reunir\u00e1n con los dirigentes de los diferentes sin\u00addicatos de taxistas para determinar si se aprueba o no un incremento.<\/p>\n<p>Insisti\u00f3 en que aumentar las tarifas puede ser considerado como una petici\u00f3n justa de los trabajadores del volante, pero dej\u00f3 en claro que tambi\u00e9n debe tomarse en cuenta la afectaci\u00f3n que en los bolsillos enfrentar\u00edan los ciudadanos.<\/p>\n<p>De esta manera, ser\u00eda hasta la segunda quin\u00adcena de agosto cuando podr\u00eda establecerse si entrar\u00edan en vigor nuevas tarifas de servicio.<\/p>\n<div class='share-to-whatsapp-wrapper'><div class='share-on-whsp'>Share on: <\/div><a data-text='Quieren taxistas aumento a tarifas en Chetumal' data-link='https:\/\/visionpeninsular.com\/mid\/quieren-taxistas-aumento-a-tarifas-en-chetumal\/' class='whatsapp-button whatsapp-share'>WhatsApp<\/a><div class='clear '><\/div><\/div>","protected":false},"excerpt":{"rendered":"<p>Ser\u00e1 durante el mes de agosto cuando se defina si se autoriza a los sindicatos de taxistas del Estado que aumenten sus tarifas de servicio, situaci\u00f3n que, de acuer\u00addo con el director de Comunicaciones y Transportes (DCT) de la SINTRA, Alejan\u00addro Ramos Hern\u00e1ndez, resulta muy factible. Y aunque el secretario de Infraestructura y Transporte (SINTRA), &hellip;<\/p>\n","protected":false},"author":1,"featured_media":43372,"comment_status":"open","ping_status":"open","sticky":false,"template":"","format":"standard","meta":{"_mi_skip_tracking":false},"categories":[48],"tags":[1714],"_links":{"self":[{"href":"https:\/\/visionpeninsular.com\/mid\/wp-json\/wp\/v2\/posts\/43371"}],"collection":[{"href":"https:\/\/visionpeninsular.com\/mid\/wp-json\/wp\/v2\/posts"}],"about":[{"href":"https:\/\/visionpeninsular.com\/mid\/wp-json\/wp\/v2\/types\/post"}],"author":[{"embeddable":true,"href":"https:\/\/visionpeninsular.com\/mid\/wp-json\/wp\/v2\/users\/1"}],"replies":[{"embeddable":true,"href":"https:\/\/visionpeninsular.com\/mid\/wp-json\/wp\/v2\/comments?post=43371"}],"version-history":[{"count":1,"href":"https:\/\/visionpeninsular.com\/mid\/wp-json\/wp\/v2\/posts\/43371\/revisions"}],"predecessor-version":[{"id":43373,"href":"https:\/\/visionpeninsular.com\/mid\/wp-json\/wp\/v2\/posts\/43371\/revisions\/43373"}],"wp:featuredmedia":[{"embeddable":true,"href":"https:\/\/visionpeninsular.com\/mid\/wp-json\/wp\/v2\/media\/43372"}],"wp:attachment":[{"href":"https:\/\/visionpeninsular.com\/mid\/wp-json\/wp\/v2\/media?parent=43371"}],"wp:term":[{"taxonomy":"category","embeddable":true,"href":"https:\/\/visionpeninsular.com\/mid\/wp-json\/wp\/v2\/categories?post=43371"},{"taxonomy":"post_tag","embeddable":true,"href":"https:\/\/visionpeninsular.com\/mid\/wp-json\/wp\/v2\/tags?post=43371"}],"curies":[{"name":"wp","href":"https:\/\/api.w.org\/{rel}","templated":true}]}}