{"id":43241,"date":"2018-07-26T10:09:23","date_gmt":"2018-07-26T15:09:23","guid":{"rendered":"http:\/\/visionpeninsular.com\/mid\/?p=43241"},"modified":"2018-07-26T10:09:23","modified_gmt":"2018-07-26T15:09:23","slug":"el-trabajo-a-favor-de-adultos-mayores-no-es-una-dadiva-sino-un-derecho","status":"publish","type":"post","link":"https:\/\/visionpeninsular.com\/mid\/el-trabajo-a-favor-de-adultos-mayores-no-es-una-dadiva-sino-un-derecho\/","title":{"rendered":"El trabajo a favor de adultos mayores no es una d\u00e1diva, sino un derecho"},"content":{"rendered":"<p>La alcaldesa Mar\u00eda Fritz Sierra inaugur\u00f3 la Expo Renacer 2018 en el Centro Integral para la Plenitud del Adulto Mayor<\/p>\n<p>La atenci\u00f3n de los adultos mayores para que vivan de manera plena esta etapa de su vida ha sido objetivo fundamental de la presente administraci\u00f3n, que desde su inicio implement\u00f3 acciones concretas que se reflejan en la vida diaria de las personas de la tercera edad, afirm\u00f3 la alcaldesa Mar\u00eda Fritz Sierra durante la inauguraci\u00f3n de la Expo Renacer 2018 en el Centro Integral para la Plenitud del Adulto Mayor.<\/p>\n<p>\u2014Acciones como las que se realizan en ese centro se apegan a la M\u00e9rida equitativa y solidaria ofrecida al inicio de la administraci\u00f3n en el Plan de Desarrollo y que hemos cumplido a cabalidad al crear sistemas de atenci\u00f3n y apoyo especial para todos los meridanos \u2014expres\u00f3.<\/p>\n<p>Enfatiz\u00f3 que el trabajo a favor de los adultos mayores no es una d\u00e1diva, sino un derecho de ellos y una obligaci\u00f3n de las autoridades.<\/p>\n<p>\u2014Con este tipo de acciones cumplimos conceptos incluidos en la misi\u00f3n y visi\u00f3n de esta administraci\u00f3n que tan atinadamente encabez\u00f3 el hoy gobernador electo, Mauricio Vila Dosal \u2014a\u00f1adi\u00f3.<\/p>\n<p>Record\u00f3 que el Centro Renacer fue proyecto de esta administraci\u00f3n que hoy ha dado ya buenos frutos.<\/p>\n<p>En su mensaje, la presidenta municipal extern\u00f3 su satisfacci\u00f3n por contar con el apoyo de diferentes instituciones para realizar por primera vez la Expo Renacer, que concentra en un solo lugar una amplia gama de servicios y productos orientados al bienestar, la salud, la cultura y el entretenimiento de los adultos mayores.<\/p>\n<p>Recalc\u00f3 que la administraci\u00f3n 2015-2018 ha dado prioridad a fomentar el desarrollo humano y ofrecer servicios p\u00fablicos de calidad para mejorar la vida de los meridanos y privilegiar el acceso a la igualdad de oportunidades.<\/p>\n<p>La Expo Renacer y los servicios que se ofrecen en ese centro, aclar\u00f3, no son un proyecto aislado, sino que forman parte de un plan integral y articulador de todos los programas que ofrece el Ayuntamiento para las personas de la tercera edad y que incluyen entrega de despensas, tarjeta ciudadano distinguido y amplio men\u00fa de actividades en los 35 clubes del adulto mayor que funcionan en M\u00e9rida y sus comisar\u00edas.<\/p>\n<p>\u2014Entre esos servicios tambi\u00e9n proporcionamos atenci\u00f3n y albergue a quienes se encuentran en situaci\u00f3n de abandono \u2014se\u00f1al\u00f3.<\/p>\n<p>En cuanto a la Expo Renacer explic\u00f3 que incluye actividades dirigidas a todos los integrantes de la familia, a fin de fomentar valores y respeto, as\u00ed como los cuidados que requieren las personas de la tercera edad.<\/p>\n<p>Por su parte, la directora del DIF Municipal, Loreto Villanueva Trujillo, dijo que la Expo Renacer ser\u00e1 del 25 al 27 de julio, con actividades de 10 a 13 horas.<\/p>\n<p>Explic\u00f3 que diferentes departamentos municipales y empresas promueven en la Expo actividades y productos relacionados con la salud f\u00edsica, mental y social, as\u00ed que la inclusi\u00f3n social de los adultos mayores.<\/p>\n<p>Junto con la alcaldesa presidieron el evento inaugural, Amaro Hern\u00e1ndez T\u00e9llez y Roberto Valle Linares, beneficiarios del Centro Integral para la Plenitud del Adulto Mayor; Beatriz Sol\u00eds S\u00e1nchez, directora del Centro de Jubilados y Pensionados del Isstey; Sandra Hoyos Vargas, representante de la Delegaci\u00f3n Estatal del IMSS en Yucat\u00e1n, y, Luis Alfonso Cetina Leal, representante del Instituto de Educaci\u00f3n para Adultos Mayores del Estado de Yucat\u00e1n.<\/p>\n<p>Luego del acto protocolario las autoridades recorrieron los m\u00f3dulos instalados en los pasillos del centro, as\u00ed como las actividades que se realizan en el sal\u00f3n de danza, terapia ocupacional, programa ver bien y ortopedia del Sureste, as\u00ed como masajes a cargo de terapeutas certificados.<\/p>\n<p>Entre los participantes en la expo figuran el Instituto Nacional de las Personas Adultos Mayores (INAPAM), Instituto de Educaci\u00f3n para Adultos del Estado de Yucat\u00e1n (IEAEY), Centro de Seguridad Social del IMSS delegaci\u00f3n yucateca, DIF Yucat\u00e1n, Junta de Agua Potable y Alcantarillado de Yucat\u00e1n (JAPAY), el Instituto Universitario Gerontol\u00f3gico de Yucat\u00e1n (INUGEY), Universidad Privada de la Pen\u00ednsula (UPP), Club de Leones de M\u00e9rida, Funeraria Poveda, Fundaci\u00f3n de Terapeutas Unidos con Discapacidad, Fundaci\u00f3n Vida Independiente, Residencia para adultos mayores \u201cLuna Nueva\u201d, Ortopedia del Sureste, Centro Otico, Agencia de viajes Skapattours y Revista Radiante Atardecer.<\/p>\n<p>Tambi\u00e9n las siguientes direcciones y centros del Ayuntamiento de M\u00e9rida: Desarrollo Humano, Desarrollo Social, Unidad de Desarrollo Sustentable y el DIF M\u00e9rida a trav\u00e9s de su departamento Jur\u00eddico y el Centro Municipal de Atenci\u00f3n Nutricional y Diabetes (CEMANUD).<\/p>\n<p>&nbsp;<\/p>\n<div class='share-to-whatsapp-wrapper'><div class='share-on-whsp'>Share on: <\/div><a data-text='El trabajo a favor de adultos mayores no es una d\u00e1diva, sino un derecho' data-link='https:\/\/visionpeninsular.com\/mid\/el-trabajo-a-favor-de-adultos-mayores-no-es-una-dadiva-sino-un-derecho\/' class='whatsapp-button whatsapp-share'>WhatsApp<\/a><div class='clear '><\/div><\/div>","protected":false},"excerpt":{"rendered":"<p>La alcaldesa Mar\u00eda Fritz Sierra inaugur\u00f3 la Expo Renacer 2018 en el Centro Integral para la Plenitud del Adulto Mayor La atenci\u00f3n de los adultos mayores para que vivan de manera plena esta etapa de su vida ha sido objetivo fundamental de la presente administraci\u00f3n, que desde su inicio implement\u00f3 acciones concretas que se reflejan &hellip;<\/p>\n","protected":false},"author":5,"featured_media":43242,"comment_status":"open","ping_status":"open","sticky":false,"template":"","format":"standard","meta":{"_mi_skip_tracking":false},"categories":[50,37],"tags":[1125,41,9612,1519],"_links":{"self":[{"href":"https:\/\/visionpeninsular.com\/mid\/wp-json\/wp\/v2\/posts\/43241"}],"collection":[{"href":"https:\/\/visionpeninsular.com\/mid\/wp-json\/wp\/v2\/posts"}],"about":[{"href":"https:\/\/visionpeninsular.com\/mid\/wp-json\/wp\/v2\/types\/post"}],"author":[{"embeddable":true,"href":"https:\/\/visionpeninsular.com\/mid\/wp-json\/wp\/v2\/users\/5"}],"replies":[{"embeddable":true,"href":"https:\/\/visionpeninsular.com\/mid\/wp-json\/wp\/v2\/comments?post=43241"}],"version-history":[{"count":1,"href":"https:\/\/visionpeninsular.com\/mid\/wp-json\/wp\/v2\/posts\/43241\/revisions"}],"predecessor-version":[{"id":43243,"href":"https:\/\/visionpeninsular.com\/mid\/wp-json\/wp\/v2\/posts\/43241\/revisions\/43243"}],"wp:featuredmedia":[{"embeddable":true,"href":"https:\/\/visionpeninsular.com\/mid\/wp-json\/wp\/v2\/media\/43242"}],"wp:attachment":[{"href":"https:\/\/visionpeninsular.com\/mid\/wp-json\/wp\/v2\/media?parent=43241"}],"wp:term":[{"taxonomy":"category","embeddable":true,"href":"https:\/\/visionpeninsular.com\/mid\/wp-json\/wp\/v2\/categories?post=43241"},{"taxonomy":"post_tag","embeddable":true,"href":"https:\/\/visionpeninsular.com\/mid\/wp-json\/wp\/v2\/tags?post=43241"}],"curies":[{"name":"wp","href":"https:\/\/api.w.org\/{rel}","templated":true}]}}