{"id":43172,"date":"2018-07-24T07:07:07","date_gmt":"2018-07-24T12:07:07","guid":{"rendered":"http:\/\/visionpeninsular.com\/mid\/?p=43172"},"modified":"2018-07-24T07:07:07","modified_gmt":"2018-07-24T12:07:07","slug":"el-modelo-de-prevencion-es-la-estrategia-central-para-reconstruir-el-tejido-social-y-avanzar-juntos-carlos-joaquin","status":"publish","type":"post","link":"https:\/\/visionpeninsular.com\/mid\/el-modelo-de-prevencion-es-la-estrategia-central-para-reconstruir-el-tejido-social-y-avanzar-juntos-carlos-joaquin\/","title":{"rendered":"El modelo de prevenci\u00f3n es la estrategia central para reconstruir el tejido social y avanzar juntos: Carlos Joaqu\u00edn"},"content":{"rendered":"<p>La presentaci\u00f3n del Modelo de Prevenci\u00f3n Quintana Roo se realiz\u00f3 en la Universidad del Caribe, en Canc\u00fan, donde la doctora Gabriela Sol\u00eds Ladr\u00f3n de Guevara dio a conocer que consta de cuatro ejes estrat\u00e9gicos: Fortalecimiento institucional, Toma de decisi\u00f3n cient\u00edfica e informada, Protecci\u00f3n y fortalecimiento social, y Construcci\u00f3n de ciudadan\u00eda activa; y de dos ejes transversales: Derechos humanos y Cultura de la legalidad.<\/p>\n<blockquote><p>\u201cEl modelo de prevenci\u00f3n Quintana Roo, que hemos dise\u00f1ado para tener un Quintana Roo justo y en paz, se proyecta como la estrategia central para reconstruir el tejido social deteriorado por factores estructurales, la falta de cultura de legalidad, la corrupci\u00f3n y la delincuencia\u201d, se\u00f1al\u00f3 el gobernador Carlos Joaqu\u00edn.<\/p><\/blockquote>\n<p>El modelo tiene como objetivos generales: promover la consolidaci\u00f3n de un Estado de derecho, de legalidad y de respeto hacia los derechos humanos; reducir las expresiones de desorden, violencia y delincuencia, y mejorar la percepci\u00f3n de seguridad de la ciudadan\u00eda con base en una toma de decisi\u00f3n informada y en el conocimiento cient\u00edfico.<\/p>\n<blockquote><p>\u201cEs innovador y su instrumentaci\u00f3n estar\u00e1 a cargo del gabinete social y no del de seguridad y gobierno. Su plan rector es un marco de referencia, donde la prevenci\u00f3n adquiere un rol primordial que permea todo el sistema de seguridad, justicia y justicia restaurativa\u201d, explic\u00f3 el gobernador de Quintana Roo.<\/p>\n<p>As\u00ed mismo, se busca atender las causas estructurales y coyunturales del desorden, la violencia y la delincuencia, y vincular su prevenci\u00f3n con las pol\u00edticas de desarrollo social, econ\u00f3mico y del entorno habitable; propiciar la cooperaci\u00f3n, la corresponsabilidad y la suma de esfuerzos entre los tres niveles de gobierno, el sector empresarial, la sociedad civil organizada y la comunidad para prevenir el desorden, la violencia y la delincuencia; y sostener el esfuerzo colectivo en el largo plazo.<\/p>\n<blockquote><p>\n\u201cEl nuevo modelo de prevenci\u00f3n de la violencia, el desorden y la delincuencia nos garantiza resultados de corto, mediano y largo plazo. Estoy convencido de que estamos en el camino correcto, pero falta mucho por andar. Juntos avanzamos hacia la construcci\u00f3n de un Quintana Roo seguro y en paz\u201d, a\u00f1adi\u00f3 el gobernador Carlos Joaqu\u00edn.<\/p><\/blockquote>\n<p>La maestra Roc\u00edo Moreno Mendoza, encargada del despacho de la Secretar\u00eda de Desarrollo Social (Sedeso), se\u00f1al\u00f3 que se han incorporado 34 dependencias estatales al esfuerzo de prevenci\u00f3n, y se han emprendido un total de 141 acciones, la mayor\u00eda (109) corresponden al eje de Protecci\u00f3n y fortalecimiento social, 19 al de Fortalecimiento institucional, nueve al de Construcci\u00f3n de ciudadan\u00eda activa y cuatro al de Toma de decisi\u00f3n cient\u00edfica e informada.<\/p><\/blockquote>\n<div class='share-to-whatsapp-wrapper'><div class='share-on-whsp'>Share on: <\/div><a data-text='El modelo de prevenci\u00f3n es la estrategia central para reconstruir el tejido social y avanzar juntos: Carlos Joaqu\u00edn' data-link='https:\/\/visionpeninsular.com\/mid\/el-modelo-de-prevencion-es-la-estrategia-central-para-reconstruir-el-tejido-social-y-avanzar-juntos-carlos-joaquin\/' class='whatsapp-button whatsapp-share'>WhatsApp<\/a><div class='clear '><\/div><\/div>","protected":false},"excerpt":{"rendered":"<p>La presentaci\u00f3n del Modelo de Prevenci\u00f3n Quintana Roo se realiz\u00f3 en la Universidad del Caribe, en Canc\u00fan, donde la doctora Gabriela Sol\u00eds Ladr\u00f3n de Guevara dio a conocer que consta de cuatro ejes estrat\u00e9gicos: Fortalecimiento institucional, Toma de decisi\u00f3n cient\u00edfica e informada, Protecci\u00f3n y fortalecimiento social, y Construcci\u00f3n de ciudadan\u00eda activa; y de dos ejes &hellip;<\/p>\n","protected":false},"author":1,"featured_media":43173,"comment_status":"open","ping_status":"open","sticky":false,"template":"","format":"standard","meta":{"_mi_skip_tracking":false},"categories":[47],"tags":[197],"_links":{"self":[{"href":"https:\/\/visionpeninsular.com\/mid\/wp-json\/wp\/v2\/posts\/43172"}],"collection":[{"href":"https:\/\/visionpeninsular.com\/mid\/wp-json\/wp\/v2\/posts"}],"about":[{"href":"https:\/\/visionpeninsular.com\/mid\/wp-json\/wp\/v2\/types\/post"}],"author":[{"embeddable":true,"href":"https:\/\/visionpeninsular.com\/mid\/wp-json\/wp\/v2\/users\/1"}],"replies":[{"embeddable":true,"href":"https:\/\/visionpeninsular.com\/mid\/wp-json\/wp\/v2\/comments?post=43172"}],"version-history":[{"count":1,"href":"https:\/\/visionpeninsular.com\/mid\/wp-json\/wp\/v2\/posts\/43172\/revisions"}],"predecessor-version":[{"id":43174,"href":"https:\/\/visionpeninsular.com\/mid\/wp-json\/wp\/v2\/posts\/43172\/revisions\/43174"}],"wp:featuredmedia":[{"embeddable":true,"href":"https:\/\/visionpeninsular.com\/mid\/wp-json\/wp\/v2\/media\/43173"}],"wp:attachment":[{"href":"https:\/\/visionpeninsular.com\/mid\/wp-json\/wp\/v2\/media?parent=43172"}],"wp:term":[{"taxonomy":"category","embeddable":true,"href":"https:\/\/visionpeninsular.com\/mid\/wp-json\/wp\/v2\/categories?post=43172"},{"taxonomy":"post_tag","embeddable":true,"href":"https:\/\/visionpeninsular.com\/mid\/wp-json\/wp\/v2\/tags?post=43172"}],"curies":[{"name":"wp","href":"https:\/\/api.w.org\/{rel}","templated":true}]}}