{"id":42843,"date":"2018-07-13T16:02:44","date_gmt":"2018-07-13T21:02:44","guid":{"rendered":"http:\/\/visionpeninsular.com\/mid\/?p=42843"},"modified":"2018-07-13T16:02:44","modified_gmt":"2018-07-13T21:02:44","slug":"participa-alejandro-moreno-cardenas-en-reunion-conago","status":"publish","type":"post","link":"https:\/\/visionpeninsular.com\/mid\/participa-alejandro-moreno-cardenas-en-reunion-conago\/","title":{"rendered":"Participa Alejandro Moreno C\u00e1rdenas en reuni\u00f3n Conago"},"content":{"rendered":"<p>El gobernador Alejandro Moreno C\u00e1rdenas, junto con sus hom\u00f3logos de todo el pa\u00eds, particip\u00f3 en la primera reuni\u00f3n que la Conferencia Nacional de Gobernadores (Conago) sostuvo con el virtual presidente de M\u00e9xico, Andr\u00e9s Manuel L\u00f3pez Obrador, para expresar su respaldo de trabajar en equipo, fortalecer el di\u00e1logo y cerrar filas con el pr\u00f3ximo gobierno federal en beneficio de M\u00e9xico.<\/p>\n<p>Al finalizar el encuentro, en conferencia de prensa, L\u00f3pez Obrador calific\u00f3 la reuni\u00f3n como productiva, respetuosa y fraterna. \u201cFue una muy buena reuni\u00f3n porque han actuado con mucha responsabilidad pol\u00edtica, d\u00e1ndonos la confianza y expresando que trabajar\u00e1n de manera coordinada con el gobierno\u201d, se\u00f1al\u00f3.<\/p>\n<p>Por su parte, el presidente del organismo, Manuel Velasco Coello, gobernador de Chiapas, coment\u00f3 que los mandatarios expresaron su apoyo al pr\u00f3ximo presidente de M\u00e9xico en la implementaci\u00f3n de una nueva estrategia de seguridad p\u00fablica que garantice la paz en el pa\u00eds, el plan de austeridad republicana, la reconciliaci\u00f3n nacional, la defensa de los derechos humanos de migrantes mexicanos que viven en Estados Unidos y en la renegociaci\u00f3n del TLC, entre otros temas.<\/p>\n<div class='share-to-whatsapp-wrapper'><div class='share-on-whsp'>Share on: <\/div><a data-text='Participa Alejandro Moreno C\u00e1rdenas en reuni\u00f3n Conago' data-link='https:\/\/visionpeninsular.com\/mid\/participa-alejandro-moreno-cardenas-en-reunion-conago\/' class='whatsapp-button whatsapp-share'>WhatsApp<\/a><div class='clear '><\/div><\/div>","protected":false},"excerpt":{"rendered":"<p>El gobernador Alejandro Moreno C\u00e1rdenas, junto con sus hom\u00f3logos de todo el pa\u00eds, particip\u00f3 en la primera reuni\u00f3n que la Conferencia Nacional de Gobernadores (Conago) sostuvo con el virtual presidente de M\u00e9xico, Andr\u00e9s Manuel L\u00f3pez Obrador, para expresar su respaldo de trabajar en equipo, fortalecer el di\u00e1logo y cerrar filas con el pr\u00f3ximo gobierno federal &hellip;<\/p>\n","protected":false},"author":1,"featured_media":42844,"comment_status":"open","ping_status":"open","sticky":false,"template":"","format":"standard","meta":{"_mi_skip_tracking":false},"categories":[45],"tags":[825],"_links":{"self":[{"href":"https:\/\/visionpeninsular.com\/mid\/wp-json\/wp\/v2\/posts\/42843"}],"collection":[{"href":"https:\/\/visionpeninsular.com\/mid\/wp-json\/wp\/v2\/posts"}],"about":[{"href":"https:\/\/visionpeninsular.com\/mid\/wp-json\/wp\/v2\/types\/post"}],"author":[{"embeddable":true,"href":"https:\/\/visionpeninsular.com\/mid\/wp-json\/wp\/v2\/users\/1"}],"replies":[{"embeddable":true,"href":"https:\/\/visionpeninsular.com\/mid\/wp-json\/wp\/v2\/comments?post=42843"}],"version-history":[{"count":1,"href":"https:\/\/visionpeninsular.com\/mid\/wp-json\/wp\/v2\/posts\/42843\/revisions"}],"predecessor-version":[{"id":42845,"href":"https:\/\/visionpeninsular.com\/mid\/wp-json\/wp\/v2\/posts\/42843\/revisions\/42845"}],"wp:featuredmedia":[{"embeddable":true,"href":"https:\/\/visionpeninsular.com\/mid\/wp-json\/wp\/v2\/media\/42844"}],"wp:attachment":[{"href":"https:\/\/visionpeninsular.com\/mid\/wp-json\/wp\/v2\/media?parent=42843"}],"wp:term":[{"taxonomy":"category","embeddable":true,"href":"https:\/\/visionpeninsular.com\/mid\/wp-json\/wp\/v2\/categories?post=42843"},{"taxonomy":"post_tag","embeddable":true,"href":"https:\/\/visionpeninsular.com\/mid\/wp-json\/wp\/v2\/tags?post=42843"}],"curies":[{"name":"wp","href":"https:\/\/api.w.org\/{rel}","templated":true}]}}