{"id":42751,"date":"2018-07-12T06:57:01","date_gmt":"2018-07-12T11:57:01","guid":{"rendered":"http:\/\/visionpeninsular.com\/mid\/?p=42751"},"modified":"2018-07-12T06:57:01","modified_gmt":"2018-07-12T11:57:01","slug":"coordinacion-para-atender-una-fuga-de-agua-en-la-amalia-solorzano","status":"publish","type":"post","link":"https:\/\/visionpeninsular.com\/mid\/coordinacion-para-atender-una-fuga-de-agua-en-la-amalia-solorzano\/","title":{"rendered":"Coordinaci\u00f3n para atender una fuga de agua en la Amalia Sol\u00f3rzano"},"content":{"rendered":"<p>El coordinador general de Funcionamiento Urbano, C\u00e9sar Boj\u00f3rquez Zapata inform\u00f3 que la Direcci\u00f3n de Obras P\u00fablicas, tom\u00f3 conocimiento de que una empresa contratada por la Comuna, la cual realizaba trabajos en la calle 10 x 19 y 17 de la colonia\u00a0 Amalia Sol\u00f3rzano, averi\u00f3 una de las tuber\u00edas de agua potable ubicadas en el sector.<\/p>\n<p>Ning\u00fan predio colindante tuvo afectaciones por la fuga y de forma inmediata el personal de la Japay procedi\u00f3 a colocar una abrazadera tipo \u201cPower Seal\u201d de m\u00e1s de 30 cent\u00edmetros de di\u00e1metro para detener la fuga.<\/p>\n<p>La direcci\u00f3n de Servicios P\u00fablicos Municipales y de Obras P\u00fablicas en coordinaci\u00f3n con la Japay, trabajaron para reparar los da\u00f1os y restablecer el servicio.<\/p>\n<p>Inform\u00f3 que la calle quedar\u00e1 cerrada al tr\u00e1fico con se\u00f1alizaci\u00f3n del Ayuntamiento de M\u00e9rida y posteriormente se proceder\u00e1n a realizar los trabajos para reparar la vialidad con una nueva capa asf\u00e1ltica.<\/p>\n<p>El servicio se restableci\u00f3 poco a poco alrededor de las 21:00 horas,\u00a0 se abrieron las llaves y se midi\u00f3 la presi\u00f3n en el ducto, por lo que de forma paulatina aumentar\u00e1 la presi\u00f3n.<\/p>\n<div class='share-to-whatsapp-wrapper'><div class='share-on-whsp'>Share on: <\/div><a data-text='Coordinaci\u00f3n para atender una fuga de agua en la Amalia Sol\u00f3rzano' data-link='https:\/\/visionpeninsular.com\/mid\/coordinacion-para-atender-una-fuga-de-agua-en-la-amalia-solorzano\/' class='whatsapp-button whatsapp-share'>WhatsApp<\/a><div class='clear '><\/div><\/div>","protected":false},"excerpt":{"rendered":"<p>El coordinador general de Funcionamiento Urbano, C\u00e9sar Boj\u00f3rquez Zapata inform\u00f3 que la Direcci\u00f3n de Obras P\u00fablicas, tom\u00f3 conocimiento de que una empresa contratada por la Comuna, la cual realizaba trabajos en la calle 10 x 19 y 17 de la colonia\u00a0 Amalia Sol\u00f3rzano, averi\u00f3 una de las tuber\u00edas de agua potable ubicadas en el sector. &hellip;<\/p>\n","protected":false},"author":1,"featured_media":42752,"comment_status":"open","ping_status":"open","sticky":false,"template":"","format":"standard","meta":{"_mi_skip_tracking":false},"categories":[50],"tags":[11713],"_links":{"self":[{"href":"https:\/\/visionpeninsular.com\/mid\/wp-json\/wp\/v2\/posts\/42751"}],"collection":[{"href":"https:\/\/visionpeninsular.com\/mid\/wp-json\/wp\/v2\/posts"}],"about":[{"href":"https:\/\/visionpeninsular.com\/mid\/wp-json\/wp\/v2\/types\/post"}],"author":[{"embeddable":true,"href":"https:\/\/visionpeninsular.com\/mid\/wp-json\/wp\/v2\/users\/1"}],"replies":[{"embeddable":true,"href":"https:\/\/visionpeninsular.com\/mid\/wp-json\/wp\/v2\/comments?post=42751"}],"version-history":[{"count":1,"href":"https:\/\/visionpeninsular.com\/mid\/wp-json\/wp\/v2\/posts\/42751\/revisions"}],"predecessor-version":[{"id":42753,"href":"https:\/\/visionpeninsular.com\/mid\/wp-json\/wp\/v2\/posts\/42751\/revisions\/42753"}],"wp:featuredmedia":[{"embeddable":true,"href":"https:\/\/visionpeninsular.com\/mid\/wp-json\/wp\/v2\/media\/42752"}],"wp:attachment":[{"href":"https:\/\/visionpeninsular.com\/mid\/wp-json\/wp\/v2\/media?parent=42751"}],"wp:term":[{"taxonomy":"category","embeddable":true,"href":"https:\/\/visionpeninsular.com\/mid\/wp-json\/wp\/v2\/categories?post=42751"},{"taxonomy":"post_tag","embeddable":true,"href":"https:\/\/visionpeninsular.com\/mid\/wp-json\/wp\/v2\/tags?post=42751"}],"curies":[{"name":"wp","href":"https:\/\/api.w.org\/{rel}","templated":true}]}}