{"id":42335,"date":"2018-07-03T11:24:00","date_gmt":"2018-07-03T16:24:00","guid":{"rendered":"http:\/\/visionpeninsular.com\/mid\/?p=42335"},"modified":"2018-07-03T11:24:00","modified_gmt":"2018-07-03T16:24:00","slug":"iepac-informa-que-miercoles-sera-el-computo-de-los-votos","status":"publish","type":"post","link":"https:\/\/visionpeninsular.com\/mid\/iepac-informa-que-miercoles-sera-el-computo-de-los-votos\/","title":{"rendered":"IEPAC informa que mi\u00e9rcoles ser\u00e1 el c\u00f3mputo de los votos"},"content":{"rendered":"<p>Mar\u00eda de Lourdes Rosas Moya, presidente del Instituto Electoral de Participaci\u00f3n Ciudadana, inform\u00f3 que ma\u00f1ana mi\u00e9rcoles se har\u00e1 el c\u00f3mputo de los votos de los 15 distritos electorales y 106 consejos electorales y culminar\u00e1 con la entrega\u00a0 de las constancias de mayor\u00eda a los que fueron electos a los diferentes puestos de elecci\u00f3n popular.<\/p>\n<p>Asimismo, manifest\u00f3 que el fin de semana ser\u00e1 el c\u00f3mputo final de elecci\u00f3n para\u00a0 Gobernador del Estado y la entrega de constancia de mayor\u00eda al triunfador y aclar\u00f3 que los partidos pol\u00edticos que ya tienen computada sus actas pueden ir dando informaci\u00f3n de c\u00f3mo le fue a sus candidatos a diferentes puestos de elecci\u00f3n popular.<\/p>\n<p>Detall\u00f3 que el sistema de conteo de votos del programa de resultados electorales preliminares (PREP) ha sido muy lento, ha tenido ca\u00eddas, lo que no permite ir avanzando en el c\u00f3mputo de los diferentes resultados electorales en el Estado.<\/p>\n<p>Conf\u00eda que no haya problemas para dar a conocer los resultados de los c\u00f3mputos finales para la elecci\u00f3n del Gobernador del Estado, 15 diputaciones locales y 106 presidencias municipales.<\/p>\n<div class='share-to-whatsapp-wrapper'><div class='share-on-whsp'>Share on: <\/div><a data-text='IEPAC informa que mi\u00e9rcoles ser\u00e1 el c\u00f3mputo de los votos' data-link='https:\/\/visionpeninsular.com\/mid\/iepac-informa-que-miercoles-sera-el-computo-de-los-votos\/' class='whatsapp-button whatsapp-share'>WhatsApp<\/a><div class='clear '><\/div><\/div>","protected":false},"excerpt":{"rendered":"<p>Mar\u00eda de Lourdes Rosas Moya, presidente del Instituto Electoral de Participaci\u00f3n Ciudadana, inform\u00f3 que ma\u00f1ana mi\u00e9rcoles se har\u00e1 el c\u00f3mputo de los votos de los 15 distritos electorales y 106 consejos electorales y culminar\u00e1 con la entrega\u00a0 de las constancias de mayor\u00eda a los que fueron electos a los diferentes puestos de elecci\u00f3n popular. Asimismo, &hellip;<\/p>\n","protected":false},"author":5,"featured_media":42336,"comment_status":"open","ping_status":"open","sticky":false,"template":"","format":"standard","meta":{"_mi_skip_tracking":false},"categories":[50,37],"tags":[11590,11591,1393,3705],"_links":{"self":[{"href":"https:\/\/visionpeninsular.com\/mid\/wp-json\/wp\/v2\/posts\/42335"}],"collection":[{"href":"https:\/\/visionpeninsular.com\/mid\/wp-json\/wp\/v2\/posts"}],"about":[{"href":"https:\/\/visionpeninsular.com\/mid\/wp-json\/wp\/v2\/types\/post"}],"author":[{"embeddable":true,"href":"https:\/\/visionpeninsular.com\/mid\/wp-json\/wp\/v2\/users\/5"}],"replies":[{"embeddable":true,"href":"https:\/\/visionpeninsular.com\/mid\/wp-json\/wp\/v2\/comments?post=42335"}],"version-history":[{"count":1,"href":"https:\/\/visionpeninsular.com\/mid\/wp-json\/wp\/v2\/posts\/42335\/revisions"}],"predecessor-version":[{"id":42337,"href":"https:\/\/visionpeninsular.com\/mid\/wp-json\/wp\/v2\/posts\/42335\/revisions\/42337"}],"wp:featuredmedia":[{"embeddable":true,"href":"https:\/\/visionpeninsular.com\/mid\/wp-json\/wp\/v2\/media\/42336"}],"wp:attachment":[{"href":"https:\/\/visionpeninsular.com\/mid\/wp-json\/wp\/v2\/media?parent=42335"}],"wp:term":[{"taxonomy":"category","embeddable":true,"href":"https:\/\/visionpeninsular.com\/mid\/wp-json\/wp\/v2\/categories?post=42335"},{"taxonomy":"post_tag","embeddable":true,"href":"https:\/\/visionpeninsular.com\/mid\/wp-json\/wp\/v2\/tags?post=42335"}],"curies":[{"name":"wp","href":"https:\/\/api.w.org\/{rel}","templated":true}]}}