{"id":4225,"date":"2016-05-25T07:54:14","date_gmt":"2016-05-25T12:54:14","guid":{"rendered":"http:\/\/visionpeninsular.com\/mid\/?p=4225"},"modified":"2016-05-25T07:54:14","modified_gmt":"2016-05-25T12:54:14","slug":"recordaron-autoridades-de-campeche-el-cviii-aniversario-natalicio-de-maria-lavalle-urbina","status":"publish","type":"post","link":"https:\/\/visionpeninsular.com\/mid\/recordaron-autoridades-de-campeche-el-cviii-aniversario-natalicio-de-maria-lavalle-urbina\/","title":{"rendered":"Recordaron autoridades de Campeche el CVIII Aniversario Natalicio de Mar\u00eda Lavalle Urbina"},"content":{"rendered":"<p>En representaci\u00f3n del gobernador Alejandro Moreno C\u00e1rdenas, el jefe de la oficina del Gobernador, Claudio Cetina G\u00f3mez presidi\u00f3 el homenaje c\u00edvico conmemorativo del CVIII aniversario del natalicio de Mar\u00eda Lavalle Urbina.<\/p>\n<p>El diputado local, Freddy Mart\u00ednez Quijano, al dirigir el discurso oficial signific\u00f3 que este homenaje a Mar\u00eda Lavalle Urbina, personaje ilustre del pa\u00eds, significa un reconocimiento p\u00f3stumo a su gran trayectoria y obra que se suma a un sinn\u00famero de galardones y laureles que recibi\u00f3 por su intelectualidad, profesionalismo, visi\u00f3n y por sus servicios a la naci\u00f3n y a las causas humanistas.<\/p>\n<p>\u201cEn Campeche, Mar\u00eda Lavalle Urbina dej\u00f3 la huella eterna de su visi\u00f3n de equidad de g\u00e9nero; equidad que hoy tiene el rango de eje transversal de gobierno y es un tema fundamental para Moreno C\u00e1rdenas, quien brinda a las mujeres campechanas renovadas oportunidades de desarrollo\u201d, se\u00f1al\u00f3.<\/p>\n<p>En la ceremonia que se llev\u00f3 a cabo en la plaza c\u00edvica del Congreso del Estado, Sandy Huitz Su\u00e1rez, alumna de la Secundaria General N\u00famero 8 \u201cLic. Mar\u00eda Lavalle Urbina\u201d, dio lectura a las efem\u00e9rides del mes de mayo.<\/p>\n<p>Asistieron a este acto, el presidente de la Junta de Gobierno y Administraci\u00f3n del Congreso del Estado, Ram\u00f3n M\u00e9ndez Lanz; el alcalde de Campeche, Edgar Hern\u00e1ndez Hern\u00e1ndez; diputados locales y funcionarios de los tres niveles de gobierno.<\/p>\n<div class='share-to-whatsapp-wrapper'><div class='share-on-whsp'>Share on: <\/div><a data-text='Recordaron autoridades de Campeche el CVIII Aniversario Natalicio de Mar\u00eda Lavalle Urbina' data-link='https:\/\/visionpeninsular.com\/mid\/recordaron-autoridades-de-campeche-el-cviii-aniversario-natalicio-de-maria-lavalle-urbina\/' class='whatsapp-button whatsapp-share'>WhatsApp<\/a><div class='clear '><\/div><\/div>","protected":false},"excerpt":{"rendered":"<p>En representaci\u00f3n del gobernador Alejandro Moreno C\u00e1rdenas, el jefe de la oficina del Gobernador, Claudio Cetina G\u00f3mez presidi\u00f3 el homenaje c\u00edvico conmemorativo del CVIII aniversario del natalicio de Mar\u00eda Lavalle Urbina. El diputado local, Freddy Mart\u00ednez Quijano, al dirigir el discurso oficial signific\u00f3 que este homenaje a Mar\u00eda Lavalle Urbina, personaje ilustre del pa\u00eds, significa &hellip;<\/p>\n","protected":false},"author":1,"featured_media":4226,"comment_status":"open","ping_status":"open","sticky":false,"template":"","format":"standard","meta":{"_mi_skip_tracking":false},"categories":[46],"tags":[913],"_links":{"self":[{"href":"https:\/\/visionpeninsular.com\/mid\/wp-json\/wp\/v2\/posts\/4225"}],"collection":[{"href":"https:\/\/visionpeninsular.com\/mid\/wp-json\/wp\/v2\/posts"}],"about":[{"href":"https:\/\/visionpeninsular.com\/mid\/wp-json\/wp\/v2\/types\/post"}],"author":[{"embeddable":true,"href":"https:\/\/visionpeninsular.com\/mid\/wp-json\/wp\/v2\/users\/1"}],"replies":[{"embeddable":true,"href":"https:\/\/visionpeninsular.com\/mid\/wp-json\/wp\/v2\/comments?post=4225"}],"version-history":[{"count":1,"href":"https:\/\/visionpeninsular.com\/mid\/wp-json\/wp\/v2\/posts\/4225\/revisions"}],"predecessor-version":[{"id":4227,"href":"https:\/\/visionpeninsular.com\/mid\/wp-json\/wp\/v2\/posts\/4225\/revisions\/4227"}],"wp:featuredmedia":[{"embeddable":true,"href":"https:\/\/visionpeninsular.com\/mid\/wp-json\/wp\/v2\/media\/4226"}],"wp:attachment":[{"href":"https:\/\/visionpeninsular.com\/mid\/wp-json\/wp\/v2\/media?parent=4225"}],"wp:term":[{"taxonomy":"category","embeddable":true,"href":"https:\/\/visionpeninsular.com\/mid\/wp-json\/wp\/v2\/categories?post=4225"},{"taxonomy":"post_tag","embeddable":true,"href":"https:\/\/visionpeninsular.com\/mid\/wp-json\/wp\/v2\/tags?post=4225"}],"curies":[{"name":"wp","href":"https:\/\/api.w.org\/{rel}","templated":true}]}}