{"id":41990,"date":"2018-06-25T05:44:07","date_gmt":"2018-06-25T10:44:07","guid":{"rendered":"http:\/\/visionpeninsular.com\/mid\/?p=41990"},"modified":"2018-06-24T22:49:22","modified_gmt":"2018-06-25T03:49:22","slug":"hospitalizan-al-ex-gobernador-de-q-roo-mario-villanueva","status":"publish","type":"post","link":"https:\/\/visionpeninsular.com\/mid\/hospitalizan-al-ex-gobernador-de-q-roo-mario-villanueva\/","title":{"rendered":"Hospitalizan al ex Gobernador de Q.Roo Mario Villanueva"},"content":{"rendered":"<p>El ex Gobernador de Quintana Roo, Mario Villanueva Madrid, fue trasladado ayer por la tarde del Centro de Readaptaci\u00f3n Social (Cereso) de Chetumal a una cl\u00ednica privada de la misma ciudad.<\/p>\n<p>Seg\u00fan Noticaribe, el ex Mandatario requiere observaci\u00f3n m\u00e9dica y estudios complementarios a los que le realizaron hace unos d\u00edas en el Hospital General.<\/p>\n<p>&#8220;Desconozco cu\u00e1nto tiempo estar\u00eda ah\u00ed y tampoco s\u00e9 qu\u00e9 estudios le har\u00e1n&#8221;, declar\u00f3 su hijo Carlos Mario Villanueva Tenorio.<\/p>\n<p>S\u00f3lo pidieron, por el cardi\u00f3logo, mantenerlo tranquilo y con pocas visitas. Estar\u00e1 bajo observaci\u00f3n m\u00e9dica.<\/p>\n<p>Villanueva fue sentenciado en el 2008 a 36 a\u00f1os con 9 meses de c\u00e1rcel por lavado de dinero y delitos contra la salud, pero continu\u00f3 litigando hasta lograr que su sentencia se redujera a 22 a\u00f1os 7 meses.<\/p>\n<div class='share-to-whatsapp-wrapper'><div class='share-on-whsp'>Share on: <\/div><a data-text='Hospitalizan al ex Gobernador de Q.Roo Mario Villanueva' data-link='https:\/\/visionpeninsular.com\/mid\/hospitalizan-al-ex-gobernador-de-q-roo-mario-villanueva\/' class='whatsapp-button whatsapp-share'>WhatsApp<\/a><div class='clear '><\/div><\/div>","protected":false},"excerpt":{"rendered":"<p>El ex Gobernador de Quintana Roo, Mario Villanueva Madrid, fue trasladado ayer por la tarde del Centro de Readaptaci\u00f3n Social (Cereso) de Chetumal a una cl\u00ednica privada de la misma ciudad. Seg\u00fan Noticaribe, el ex Mandatario requiere observaci\u00f3n m\u00e9dica y estudios complementarios a los que le realizaron hace unos d\u00edas en el Hospital General. &#8220;Desconozco &hellip;<\/p>\n","protected":false},"author":1,"featured_media":41991,"comment_status":"open","ping_status":"open","sticky":false,"template":"","format":"standard","meta":{"_mi_skip_tracking":false},"categories":[48],"tags":[4970],"_links":{"self":[{"href":"https:\/\/visionpeninsular.com\/mid\/wp-json\/wp\/v2\/posts\/41990"}],"collection":[{"href":"https:\/\/visionpeninsular.com\/mid\/wp-json\/wp\/v2\/posts"}],"about":[{"href":"https:\/\/visionpeninsular.com\/mid\/wp-json\/wp\/v2\/types\/post"}],"author":[{"embeddable":true,"href":"https:\/\/visionpeninsular.com\/mid\/wp-json\/wp\/v2\/users\/1"}],"replies":[{"embeddable":true,"href":"https:\/\/visionpeninsular.com\/mid\/wp-json\/wp\/v2\/comments?post=41990"}],"version-history":[{"count":1,"href":"https:\/\/visionpeninsular.com\/mid\/wp-json\/wp\/v2\/posts\/41990\/revisions"}],"predecessor-version":[{"id":41992,"href":"https:\/\/visionpeninsular.com\/mid\/wp-json\/wp\/v2\/posts\/41990\/revisions\/41992"}],"wp:featuredmedia":[{"embeddable":true,"href":"https:\/\/visionpeninsular.com\/mid\/wp-json\/wp\/v2\/media\/41991"}],"wp:attachment":[{"href":"https:\/\/visionpeninsular.com\/mid\/wp-json\/wp\/v2\/media?parent=41990"}],"wp:term":[{"taxonomy":"category","embeddable":true,"href":"https:\/\/visionpeninsular.com\/mid\/wp-json\/wp\/v2\/categories?post=41990"},{"taxonomy":"post_tag","embeddable":true,"href":"https:\/\/visionpeninsular.com\/mid\/wp-json\/wp\/v2\/tags?post=41990"}],"curies":[{"name":"wp","href":"https:\/\/api.w.org\/{rel}","templated":true}]}}