{"id":41631,"date":"2018-06-16T10:14:08","date_gmt":"2018-06-16T15:14:08","guid":{"rendered":"http:\/\/visionpeninsular.com\/mid\/?p=41631"},"modified":"2018-06-16T10:14:08","modified_gmt":"2018-06-16T15:14:08","slug":"se-genera-zona-de-inestabilidad-al-este-de-la-peninsula-de-yucatan","status":"publish","type":"post","link":"https:\/\/visionpeninsular.com\/mid\/se-genera-zona-de-inestabilidad-al-este-de-la-peninsula-de-yucatan\/","title":{"rendered":"Se genera zona de inestabilidad al este de la Pen\u00ednsula de Yucat\u00e1n."},"content":{"rendered":"<p>La tarde de este viernes se ha originado al este de la Pen\u00ednsula de Yucat\u00e1n una zona de inestabilidad con 10% de potencial para desarrollo cicl\u00f3nico en 48 horas o menos, informa la Comisi\u00f3n Nacional del Agua (Conagua), a trav\u00e9s del Centro Hidrometeorol\u00f3gico Regional de M\u00e9rida del Servicio Meteorol\u00f3gico Nacional (SMN).<\/p>\n<p>Este sistema se ubica a 80 kil\u00f3metros al sur sureste de Canc\u00fan y a 100 kil\u00f3metros al este-noreste de Tulum, ambos del estado de Quintana Roo.<\/p>\n<p>La zona de inestabilidad se mueve lento al noroeste y registra vientos m\u00e1ximos sostenidos de 25 km\/h con rachas de hasta 35 km\/h. Favorecer\u00e1 tormentas muy fuertes durante las pr\u00f3ximas horas en Yucat\u00e1n y Quintana Roo, as\u00ed como tormentas fuertes en Campeche.<\/p>\n<p>No se descartan rachas de viento fuerte en zonas de tormenta y oleaje elevado, por lo que se recomienda a la navegaci\u00f3n mar\u00edtima estar atentos a los avisos que pudiera emitir Capitan\u00eda de Puerto.<\/p>\n<p>Se recomienda a la poblaci\u00f3n estar atentos a los avisos oficiales que emitan la Conagua, el SMN y autoridades de protecci\u00f3n civil de los tres estados de la regi\u00f3n.<\/p>\n<p>ooOoo<\/p>\n<div class='share-to-whatsapp-wrapper'><div class='share-on-whsp'>Share on: <\/div><a data-text='Se genera zona de inestabilidad al este de la Pen\u00ednsula de Yucat\u00e1n.' data-link='https:\/\/visionpeninsular.com\/mid\/se-genera-zona-de-inestabilidad-al-este-de-la-peninsula-de-yucatan\/' class='whatsapp-button whatsapp-share'>WhatsApp<\/a><div class='clear '><\/div><\/div>","protected":false},"excerpt":{"rendered":"<p>La tarde de este viernes se ha originado al este de la Pen\u00ednsula de Yucat\u00e1n una zona de inestabilidad con 10% de potencial para desarrollo cicl\u00f3nico en 48 horas o menos, informa la Comisi\u00f3n Nacional del Agua (Conagua), a trav\u00e9s del Centro Hidrometeorol\u00f3gico Regional de M\u00e9rida del Servicio Meteorol\u00f3gico Nacional (SMN). Este sistema se ubica &hellip;<\/p>\n","protected":false},"author":5,"featured_media":41632,"comment_status":"open","ping_status":"open","sticky":false,"template":"","format":"standard","meta":{"_mi_skip_tracking":false},"categories":[50,37],"tags":[5007,138,329,7552,1725],"_links":{"self":[{"href":"https:\/\/visionpeninsular.com\/mid\/wp-json\/wp\/v2\/posts\/41631"}],"collection":[{"href":"https:\/\/visionpeninsular.com\/mid\/wp-json\/wp\/v2\/posts"}],"about":[{"href":"https:\/\/visionpeninsular.com\/mid\/wp-json\/wp\/v2\/types\/post"}],"author":[{"embeddable":true,"href":"https:\/\/visionpeninsular.com\/mid\/wp-json\/wp\/v2\/users\/5"}],"replies":[{"embeddable":true,"href":"https:\/\/visionpeninsular.com\/mid\/wp-json\/wp\/v2\/comments?post=41631"}],"version-history":[{"count":1,"href":"https:\/\/visionpeninsular.com\/mid\/wp-json\/wp\/v2\/posts\/41631\/revisions"}],"predecessor-version":[{"id":41633,"href":"https:\/\/visionpeninsular.com\/mid\/wp-json\/wp\/v2\/posts\/41631\/revisions\/41633"}],"wp:featuredmedia":[{"embeddable":true,"href":"https:\/\/visionpeninsular.com\/mid\/wp-json\/wp\/v2\/media\/41632"}],"wp:attachment":[{"href":"https:\/\/visionpeninsular.com\/mid\/wp-json\/wp\/v2\/media?parent=41631"}],"wp:term":[{"taxonomy":"category","embeddable":true,"href":"https:\/\/visionpeninsular.com\/mid\/wp-json\/wp\/v2\/categories?post=41631"},{"taxonomy":"post_tag","embeddable":true,"href":"https:\/\/visionpeninsular.com\/mid\/wp-json\/wp\/v2\/tags?post=41631"}],"curies":[{"name":"wp","href":"https:\/\/api.w.org\/{rel}","templated":true}]}}