{"id":41491,"date":"2018-06-13T13:00:14","date_gmt":"2018-06-13T18:00:14","guid":{"rendered":"http:\/\/visionpeninsular.com\/mid\/?p=41491"},"modified":"2018-06-13T14:21:37","modified_gmt":"2018-06-13T19:21:37","slug":"mujeres-todas-mujeres-lideres-y-mujeres-sin-maquillaje-se-suman-a-altoalaviolenciapolitica","status":"publish","type":"post","link":"https:\/\/visionpeninsular.com\/mid\/mujeres-todas-mujeres-lideres-y-mujeres-sin-maquillaje-se-suman-a-altoalaviolenciapolitica\/","title":{"rendered":"MUJERES TODAS, MUJERES LIDERES y MUJERES SIN MAQUILLAJE, se suman a #AltoALaViolenciaPolitica"},"content":{"rendered":"<p>YA BASTA DE VIOLENCIA POL\u00cdTICA!!!!<\/p>\n<p>A\u00fan se encuentra fresca en la memoria el atentado sufrido por una candidata a segunda concejal en Juchit\u00e1n, en la que juntamente con ella perdieron la vida su chofer, de nombre Adelfo y una joven periodista, Mar\u00eda del Sol Cruz Jarqu\u00edn, quien cubr\u00eda la campa\u00f1a del candidato priista a la alcald\u00eda del municipio, y m\u00e1s recientemente a\u00fan, hace apenas tres d\u00edas, el asesinato de una candidata en Isla Mujeres.<\/p>\n<p>A pesar que en nuestro estado, Yucat\u00e1n, la violencia pol\u00edtica de g\u00e9nero no se manifiesta de manera f\u00edsica en contra de las candidatas, \u00e9sta se sufre de manera distinta y es s\u00ed como visibilizamos \u00e9sta violencia en forma de acoso, intimidaci\u00f3n, amenazas, falta de apoyos, discriminaci\u00f3n am\u00e9n de otras lindezas por lo que consideramos justo y necesario sumarnos a exigir un alto a la violencia pol\u00edtica de g\u00e9nero.<\/p>\n<p>Ante esta situaci\u00f3n, <em><strong>MUJERES TODAS, MUJERES L\u00cdDERES DEL SURESTE Y MUJERES SIN MAQUILLAJE, NO PODEMOS CALLAR<\/strong><strong>, no podemos dejar de expresar nuestra SOLIDARIDAD con las mujeres que sufren cualquier tipo de violencia; ahora tambi\u00e9n la VIOLENCIA POL\u00cdTICA.<\/strong><\/em><\/p>\n<p>Mucho m\u00e1s porque esta creciente violencia pol\u00edtica,\u00a0 que en este Proceso Electoral, ha causado tanto da\u00f1o, tantas VICTIMAS, \u00a0pudiera significar una jornada electoral VIOLENTADA.<\/p>\n<p>No podemos dejar de expresar que, como producto de nuestras luchas de G\u00e9nero, en Yucat\u00e1n y en el Pa\u00eds, hay un gran n\u00famero de \u00a0Mujeres Candidatas.<\/p>\n<p>Dejemos de lado cualquier compromiso o complicaci\u00f3n, abandonemos nuestra comodidad&#8230;&#8230;y MA\u00d1ANA, Vestidas de BLANCO, vayamos a las 4.30\u00a0 PM. A \u00a0la PLAZA GRANDE!!!!<\/p>\n<p>No Podemos dejar de expresarnos.<\/p>\n<p>AH\u00cd NOS VEMOS!!!!<\/p>\n<p>&nbsp;<\/p>\n<p>&nbsp;<\/p>\n<p>&nbsp;<\/p>\n<div class='share-to-whatsapp-wrapper'><div class='share-on-whsp'>Share on: <\/div><a data-text='MUJERES TODAS, MUJERES LIDERES y MUJERES SIN MAQUILLAJE, se suman a #AltoALaViolenciaPolitica' data-link='https:\/\/visionpeninsular.com\/mid\/mujeres-todas-mujeres-lideres-y-mujeres-sin-maquillaje-se-suman-a-altoalaviolenciapolitica\/' class='whatsapp-button whatsapp-share'>WhatsApp<\/a><div class='clear '><\/div><\/div>","protected":false},"excerpt":{"rendered":"<p>YA BASTA DE VIOLENCIA POL\u00cdTICA!!!! A\u00fan se encuentra fresca en la memoria el atentado sufrido por una candidata a segunda concejal en Juchit\u00e1n, en la que juntamente con ella perdieron la vida su chofer, de nombre Adelfo y una joven periodista, Mar\u00eda del Sol Cruz Jarqu\u00edn, quien cubr\u00eda la campa\u00f1a del candidato priista a la &hellip;<\/p>\n","protected":false},"author":5,"featured_media":41492,"comment_status":"open","ping_status":"open","sticky":false,"template":"","format":"standard","meta":{"_mi_skip_tracking":false},"categories":[50,37],"tags":[11369,4112],"_links":{"self":[{"href":"https:\/\/visionpeninsular.com\/mid\/wp-json\/wp\/v2\/posts\/41491"}],"collection":[{"href":"https:\/\/visionpeninsular.com\/mid\/wp-json\/wp\/v2\/posts"}],"about":[{"href":"https:\/\/visionpeninsular.com\/mid\/wp-json\/wp\/v2\/types\/post"}],"author":[{"embeddable":true,"href":"https:\/\/visionpeninsular.com\/mid\/wp-json\/wp\/v2\/users\/5"}],"replies":[{"embeddable":true,"href":"https:\/\/visionpeninsular.com\/mid\/wp-json\/wp\/v2\/comments?post=41491"}],"version-history":[{"count":3,"href":"https:\/\/visionpeninsular.com\/mid\/wp-json\/wp\/v2\/posts\/41491\/revisions"}],"predecessor-version":[{"id":41495,"href":"https:\/\/visionpeninsular.com\/mid\/wp-json\/wp\/v2\/posts\/41491\/revisions\/41495"}],"wp:featuredmedia":[{"embeddable":true,"href":"https:\/\/visionpeninsular.com\/mid\/wp-json\/wp\/v2\/media\/41492"}],"wp:attachment":[{"href":"https:\/\/visionpeninsular.com\/mid\/wp-json\/wp\/v2\/media?parent=41491"}],"wp:term":[{"taxonomy":"category","embeddable":true,"href":"https:\/\/visionpeninsular.com\/mid\/wp-json\/wp\/v2\/categories?post=41491"},{"taxonomy":"post_tag","embeddable":true,"href":"https:\/\/visionpeninsular.com\/mid\/wp-json\/wp\/v2\/tags?post=41491"}],"curies":[{"name":"wp","href":"https:\/\/api.w.org\/{rel}","templated":true}]}}