{"id":41467,"date":"2018-06-13T10:45:38","date_gmt":"2018-06-13T15:45:38","guid":{"rendered":"http:\/\/visionpeninsular.com\/mid\/?p=41467"},"modified":"2018-06-13T10:45:38","modified_gmt":"2018-06-13T15:45:38","slug":"hay-que-recuperar-la-vocacion-productiva-de-los-municipios-afirma-ramirez-marin","status":"publish","type":"post","link":"https:\/\/visionpeninsular.com\/mid\/hay-que-recuperar-la-vocacion-productiva-de-los-municipios-afirma-ramirez-marin\/","title":{"rendered":"Hay que recuperar la vocaci\u00f3n productiva de los municipios, afirma Ram\u00edrez Mar\u00edn"},"content":{"rendered":"<p><em>Efusivo recibimiento en Sucil\u00e1 al candidato a senador <\/em><\/p>\n<p>Ante numeroso p\u00fablico que le brind\u00f3 efusiva bienvenida en Sucil\u00e1, el candidato a senador Jorge Carlos Ram\u00edrez Mar\u00edn afirm\u00f3 que es hora de recuperar la vocaci\u00f3n productiva de los municipios a fin de equilibrar el desarrollo de Yucat\u00e1n.<\/p>\n<p>&#8220;En este caso hay que recuperar la vocaci\u00f3n agr\u00edcola y ganadera de Sucil\u00e1, particularmente en el ramo lechero. Y se trata no solo de que lleguen los apoyos y los insumos, sino tambi\u00e9n los servicios de calidad&#8221;, subray\u00f3 el aspirante al Senado.<\/p>\n<p>&#8220;Tambi\u00e9n hay que sumarle alternativas de empleo para las mujeres, como las granjas de acuacultura para la cr\u00eda de tilapia, y para los j\u00f3venes para que estudien y se preparen con escuelas preparatorias y becas. Solo necesitamos que lleguen los recursos y para eso hay que contratar gestores&#8221;, abund\u00f3.<\/p>\n<p>&#8220;Para eso vine amigos, para que me contraten como gestor, para que desde el Senado haga equipo con Jos\u00e9 Antonio Meade en la Presidencia, con Mauricio Sahu\u00ed en el gobierno del Estado y con Diego Lugo en el Ayuntamiento, para traer m\u00e1s apoyos que los ayude a salir adelante con sus familias&#8221;, enfatiz\u00f3.<\/p>\n<p>Ram\u00edrez Mar\u00edn visit\u00f3 el municipio a una invitaci\u00f3n que le formul\u00f3 Lugo Interi\u00e1n, candidato a la presidencia municipal, en una jornada en la que abundaron los aplausos, m\u00fasica y porras de &#8220;\u00a1Mar\u00edn, amigo, el pueblo est\u00e1 contigo!&#8221; y &#8220;\u00a1Vamos a ganar!, \u00a1Vamos a ganar!&#8221;, que corearon vecinos y simpatizantes.<\/p>\n<p>En su mensaje de bienvenida, el aspirante a la alcald\u00eda dijo que Yucat\u00e1n saldr\u00e1 ganando con un senador como Ram\u00edrez Mar\u00edn, un pol\u00edtico con toda la experiencia y capacidad para realizar el trabajo legislativo y de gesti\u00f3n, tal como lo demostr\u00f3 en la\u00a0 C\u00e1mara de Diputados, donde pudo conducir a 500 legisladores de nueve partidos pol\u00edticos, y fue dos veces presidente de la mesa directiva.<\/p>\n<p>Lugo Interi\u00e1n pidi\u00f3 el apoyo del candidato para gestionar una serie de beneficios para Sucil\u00e1, para hacer m\u00e1s calles, un auditorio en el parador tur\u00edstico y mil acciones de vivienda en el municipio.<\/p>\n<p>Ram\u00edrez Mar\u00edn respondi\u00f3 que cuentan con \u00e9l para hacer las gestiones\u00a0 y afirm\u00f3 que, en el caso de las calles, no tendr\u00e1 que esperar hasta 2019, sino este a\u00f1o se har\u00e1n m\u00e1s vialidades con una partida que consigui\u00f3 en el presupuesto de este a\u00f1o. Los aplausos de los asistentes no se hicieron esperar y volvieron las porras a favor del candidato a senador y de Lugo Interi\u00e1n.<\/p>\n<div class='share-to-whatsapp-wrapper'><div class='share-on-whsp'>Share on: <\/div><a data-text='Hay que recuperar la vocaci\u00f3n productiva de los municipios, afirma Ram\u00edrez Mar\u00edn' data-link='https:\/\/visionpeninsular.com\/mid\/hay-que-recuperar-la-vocacion-productiva-de-los-municipios-afirma-ramirez-marin\/' class='whatsapp-button whatsapp-share'>WhatsApp<\/a><div class='clear '><\/div><\/div>","protected":false},"excerpt":{"rendered":"<p>Efusivo recibimiento en Sucil\u00e1 al candidato a senador Ante numeroso p\u00fablico que le brind\u00f3 efusiva bienvenida en Sucil\u00e1, el candidato a senador Jorge Carlos Ram\u00edrez Mar\u00edn afirm\u00f3 que es hora de recuperar la vocaci\u00f3n productiva de los municipios a fin de equilibrar el desarrollo de Yucat\u00e1n. &#8220;En este caso hay que recuperar la vocaci\u00f3n agr\u00edcola &hellip;<\/p>\n","protected":false},"author":5,"featured_media":41468,"comment_status":"open","ping_status":"open","sticky":false,"template":"","format":"standard","meta":{"_mi_skip_tracking":false},"categories":[50,37],"tags":[1031,497,1101,9186,3633,1921],"_links":{"self":[{"href":"https:\/\/visionpeninsular.com\/mid\/wp-json\/wp\/v2\/posts\/41467"}],"collection":[{"href":"https:\/\/visionpeninsular.com\/mid\/wp-json\/wp\/v2\/posts"}],"about":[{"href":"https:\/\/visionpeninsular.com\/mid\/wp-json\/wp\/v2\/types\/post"}],"author":[{"embeddable":true,"href":"https:\/\/visionpeninsular.com\/mid\/wp-json\/wp\/v2\/users\/5"}],"replies":[{"embeddable":true,"href":"https:\/\/visionpeninsular.com\/mid\/wp-json\/wp\/v2\/comments?post=41467"}],"version-history":[{"count":1,"href":"https:\/\/visionpeninsular.com\/mid\/wp-json\/wp\/v2\/posts\/41467\/revisions"}],"predecessor-version":[{"id":41469,"href":"https:\/\/visionpeninsular.com\/mid\/wp-json\/wp\/v2\/posts\/41467\/revisions\/41469"}],"wp:featuredmedia":[{"embeddable":true,"href":"https:\/\/visionpeninsular.com\/mid\/wp-json\/wp\/v2\/media\/41468"}],"wp:attachment":[{"href":"https:\/\/visionpeninsular.com\/mid\/wp-json\/wp\/v2\/media?parent=41467"}],"wp:term":[{"taxonomy":"category","embeddable":true,"href":"https:\/\/visionpeninsular.com\/mid\/wp-json\/wp\/v2\/categories?post=41467"},{"taxonomy":"post_tag","embeddable":true,"href":"https:\/\/visionpeninsular.com\/mid\/wp-json\/wp\/v2\/tags?post=41467"}],"curies":[{"name":"wp","href":"https:\/\/api.w.org\/{rel}","templated":true}]}}