{"id":41122,"date":"2018-06-05T06:49:20","date_gmt":"2018-06-05T11:49:20","guid":{"rendered":"http:\/\/visionpeninsular.com\/mid\/?p=41122"},"modified":"2018-06-05T06:49:20","modified_gmt":"2018-06-05T11:49:20","slug":"quintana-roo-no-esta-bajo-riesgo-por-la-ceniza-del-volcan-de-fuego","status":"publish","type":"post","link":"https:\/\/visionpeninsular.com\/mid\/quintana-roo-no-esta-bajo-riesgo-por-la-ceniza-del-volcan-de-fuego\/","title":{"rendered":"Quintana Roo no est\u00e1 bajo riesgo, por la ceniza del volc\u00e1n de fuego"},"content":{"rendered":"<p>La Coordinaci\u00f3n Estatal de Protecci\u00f3n Civil informa que con base a informaci\u00f3n emitida por el Centro Nacional de Prevenci\u00f3n de Desastres (Cenapred), se mantienen un monitoreo constante en la regi\u00f3n sureste, para verificar la trayectoria de la nube de ceniza que fue expulsada por el Volc\u00e1n de Fuego, ubicado al sur de Guatemala y a una distancia de 525 kil\u00f3metros de la capital quintanarroense.<\/p>\n<p>El territorio de Quintana Roo no est\u00e1 bajo ning\u00fan riesgo por la afectaci\u00f3n de la erupci\u00f3n volc\u00e1nica, ya que los vientos dirigen la fumarola hacia el oc\u00e9ano Pacifico, se recomienda a la poblaci\u00f3n no hacer caso a rumores y mantenerse informados por las fuentes oficiales.<\/p>\n<div class='share-to-whatsapp-wrapper'><div class='share-on-whsp'>Share on: <\/div><a data-text='Quintana Roo no est\u00e1 bajo riesgo, por la ceniza del volc\u00e1n de fuego' data-link='https:\/\/visionpeninsular.com\/mid\/quintana-roo-no-esta-bajo-riesgo-por-la-ceniza-del-volcan-de-fuego\/' class='whatsapp-button whatsapp-share'>WhatsApp<\/a><div class='clear '><\/div><\/div>","protected":false},"excerpt":{"rendered":"<p>La Coordinaci\u00f3n Estatal de Protecci\u00f3n Civil informa que con base a informaci\u00f3n emitida por el Centro Nacional de Prevenci\u00f3n de Desastres (Cenapred), se mantienen un monitoreo constante en la regi\u00f3n sureste, para verificar la trayectoria de la nube de ceniza que fue expulsada por el Volc\u00e1n de Fuego, ubicado al sur de Guatemala y a &hellip;<\/p>\n","protected":false},"author":1,"featured_media":41123,"comment_status":"open","ping_status":"open","sticky":false,"template":"","format":"standard","meta":{"_mi_skip_tracking":false},"categories":[48],"tags":[11258],"_links":{"self":[{"href":"https:\/\/visionpeninsular.com\/mid\/wp-json\/wp\/v2\/posts\/41122"}],"collection":[{"href":"https:\/\/visionpeninsular.com\/mid\/wp-json\/wp\/v2\/posts"}],"about":[{"href":"https:\/\/visionpeninsular.com\/mid\/wp-json\/wp\/v2\/types\/post"}],"author":[{"embeddable":true,"href":"https:\/\/visionpeninsular.com\/mid\/wp-json\/wp\/v2\/users\/1"}],"replies":[{"embeddable":true,"href":"https:\/\/visionpeninsular.com\/mid\/wp-json\/wp\/v2\/comments?post=41122"}],"version-history":[{"count":1,"href":"https:\/\/visionpeninsular.com\/mid\/wp-json\/wp\/v2\/posts\/41122\/revisions"}],"predecessor-version":[{"id":41124,"href":"https:\/\/visionpeninsular.com\/mid\/wp-json\/wp\/v2\/posts\/41122\/revisions\/41124"}],"wp:featuredmedia":[{"embeddable":true,"href":"https:\/\/visionpeninsular.com\/mid\/wp-json\/wp\/v2\/media\/41123"}],"wp:attachment":[{"href":"https:\/\/visionpeninsular.com\/mid\/wp-json\/wp\/v2\/media?parent=41122"}],"wp:term":[{"taxonomy":"category","embeddable":true,"href":"https:\/\/visionpeninsular.com\/mid\/wp-json\/wp\/v2\/categories?post=41122"},{"taxonomy":"post_tag","embeddable":true,"href":"https:\/\/visionpeninsular.com\/mid\/wp-json\/wp\/v2\/tags?post=41122"}],"curies":[{"name":"wp","href":"https:\/\/api.w.org\/{rel}","templated":true}]}}