{"id":41119,"date":"2018-06-05T06:47:03","date_gmt":"2018-06-05T11:47:03","guid":{"rendered":"http:\/\/visionpeninsular.com\/mid\/?p=41119"},"modified":"2018-06-05T06:47:03","modified_gmt":"2018-06-05T11:47:03","slug":"la-fiscalia-de-quintana-roo-rescata-a-victima-de-secuestro","status":"publish","type":"post","link":"https:\/\/visionpeninsular.com\/mid\/la-fiscalia-de-quintana-roo-rescata-a-victima-de-secuestro\/","title":{"rendered":"La Fiscal\u00eda de Quintana Roo rescata a v\u00edctima de secuestro"},"content":{"rendered":"<p><strong>Solidaridad<\/strong>.- La Fiscal\u00eda General del Estado inform\u00f3 que, mediante un trabajo de inteligencia de elementos adscritos a la Fiscal\u00eda Especializada en Investigaci\u00f3n de Secuestros, realiz\u00f3 un operativo de rescate, obteniendo una exitosa intervenci\u00f3n policiaca para liberar ilesa a una v\u00edctima de plagio y capturar a dos de los posibles secuestradores.<\/p>\n<p>Cabe destacar que, derivado de la apertura de una carpeta de investigaci\u00f3n por el delito de secuestro, los elementos especializados en plagios llevaron a cabo un trabajo de investigaci\u00f3n e inteligencia, por lo que ubicaron un domicilio que fung\u00eda como casa de seguridad en la Regi\u00f3n 69, en la calle Jilguero con calle CTM del Fraccionamiento Villas del Sol, tercera etapa.<\/p>\n<p>Al arribar a dicho domicilio la tarde de este lunes, los ocupantes del predio, quienes portaban armas de fuego, atacaron a los polic\u00edas ministeriales, quienes repelieron la agresi\u00f3n, lo que arroj\u00f3 como resultado la captura de dos presuntos plagiarios -uno de ellos lesionado-, mientras que otro se dio a la fuga. Ning\u00fan agente ministerial result\u00f3 herido. El lesionado fue trasladado al Hospital General, donde fue identificado como Jorge \u201cN\u201d. Present\u00f3 una herida en el abdomen.<\/p>\n<p>El segundo detenido, probablemente de nombre Jos\u00e9 Luis \u201cN\u201d, fue puesto a disposici\u00f3n del representante social.<\/p>\n<p>Tambi\u00e9n fue asegurada la unidad vehicular que particip\u00f3 en el secuestro de la v\u00edctima, en el estacionamiento de una tienda del Fraccionamiento Villas del Sol, marca Volkswagen Jetta color verde obscuro con placas del Estado de Veracruz.<\/p>\n<p>La autoridad ministerial y personal de servicios periciales realiz\u00f3 las diligencias legales correspondientes para recabar los datos de prueba y garantizar que ambos detenidos sean sujetos a proceso conforme a los lineamientos del sistema penal acusatorio.<\/p>\n<div class='share-to-whatsapp-wrapper'><div class='share-on-whsp'>Share on: <\/div><a data-text='La Fiscal\u00eda de Quintana Roo rescata a v\u00edctima de secuestro' data-link='https:\/\/visionpeninsular.com\/mid\/la-fiscalia-de-quintana-roo-rescata-a-victima-de-secuestro\/' class='whatsapp-button whatsapp-share'>WhatsApp<\/a><div class='clear '><\/div><\/div>","protected":false},"excerpt":{"rendered":"<p>Solidaridad.- La Fiscal\u00eda General del Estado inform\u00f3 que, mediante un trabajo de inteligencia de elementos adscritos a la Fiscal\u00eda Especializada en Investigaci\u00f3n de Secuestros, realiz\u00f3 un operativo de rescate, obteniendo una exitosa intervenci\u00f3n policiaca para liberar ilesa a una v\u00edctima de plagio y capturar a dos de los posibles secuestradores. Cabe destacar que, derivado de &hellip;<\/p>\n","protected":false},"author":1,"featured_media":41120,"comment_status":"open","ping_status":"open","sticky":false,"template":"","format":"standard","meta":{"_mi_skip_tracking":false},"categories":[48],"tags":[11257],"_links":{"self":[{"href":"https:\/\/visionpeninsular.com\/mid\/wp-json\/wp\/v2\/posts\/41119"}],"collection":[{"href":"https:\/\/visionpeninsular.com\/mid\/wp-json\/wp\/v2\/posts"}],"about":[{"href":"https:\/\/visionpeninsular.com\/mid\/wp-json\/wp\/v2\/types\/post"}],"author":[{"embeddable":true,"href":"https:\/\/visionpeninsular.com\/mid\/wp-json\/wp\/v2\/users\/1"}],"replies":[{"embeddable":true,"href":"https:\/\/visionpeninsular.com\/mid\/wp-json\/wp\/v2\/comments?post=41119"}],"version-history":[{"count":1,"href":"https:\/\/visionpeninsular.com\/mid\/wp-json\/wp\/v2\/posts\/41119\/revisions"}],"predecessor-version":[{"id":41121,"href":"https:\/\/visionpeninsular.com\/mid\/wp-json\/wp\/v2\/posts\/41119\/revisions\/41121"}],"wp:featuredmedia":[{"embeddable":true,"href":"https:\/\/visionpeninsular.com\/mid\/wp-json\/wp\/v2\/media\/41120"}],"wp:attachment":[{"href":"https:\/\/visionpeninsular.com\/mid\/wp-json\/wp\/v2\/media?parent=41119"}],"wp:term":[{"taxonomy":"category","embeddable":true,"href":"https:\/\/visionpeninsular.com\/mid\/wp-json\/wp\/v2\/categories?post=41119"},{"taxonomy":"post_tag","embeddable":true,"href":"https:\/\/visionpeninsular.com\/mid\/wp-json\/wp\/v2\/tags?post=41119"}],"curies":[{"name":"wp","href":"https:\/\/api.w.org\/{rel}","templated":true}]}}