{"id":41101,"date":"2018-06-04T19:22:24","date_gmt":"2018-06-05T00:22:24","guid":{"rendered":"http:\/\/visionpeninsular.com\/mid\/?p=41101"},"modified":"2018-06-04T19:22:24","modified_gmt":"2018-06-05T00:22:24","slug":"abren-juicio-contra-carlos-mimenza-por-amenazas-de-muerte-contra-periodista-en-quintana-roo","status":"publish","type":"post","link":"https:\/\/visionpeninsular.com\/mid\/abren-juicio-contra-carlos-mimenza-por-amenazas-de-muerte-contra-periodista-en-quintana-roo\/","title":{"rendered":"Abren juicio contra Carlos Mimenza por amenazas de muerte contra periodista en Quintana Roo"},"content":{"rendered":"<p>La Fiscal\u00eda especial para la atenci\u00f3n de delitos cometidos contra la Libertad de Expresi\u00f3n (FEADLE) de la Procuradur\u00eda general de la Rep\u00fablica (PGR), present\u00f3 acusaci\u00f3n formal contra Carlos Mimenza Novelo por la probable comisi\u00f3n del delito de amenazas contra un periodista.<\/p>\n<p>Atrav\u00e9s de un comunicado oficial, la PGR informa que \u201cdicho il\u00edcito, considerado como agravado por ser probablemente cometido con la finalidad de limitar el derecho a la libertad de expresi\u00f3n, est\u00e1 previsto y sancionado por el art\u00edculo 282, fracci\u00f3n I, del C\u00f3digo Penal Federal\u201d.<\/p>\n<p>Asimismo, la dependencia comunica que se han admitido 22 medios de prueba presentados por la FEADLE ante el juez de control de Quintana Roo, con lo que se declar\u00f3 auto de apertura del juicio contra el imputado.<\/p>\n<p>Mimenza Novelo permanecer\u00e1 sujeto a la medidas cautelares decretada por el juzgador, \u201cconsistentes en que el imputado no se acerque a la v\u00edctima, sus familiares o el medio de comunicaci\u00f3n en donde labora el comunicador, firmar de manera peri\u00f3dica ante la autoridad judicial, as\u00ed como no salir del pa\u00eds sin autorizaci\u00f3n judicial\u201d.<\/p>\n<p>El empresario inmobiliario qued\u00f3 vinculado a proceso en enero pasado por amenazas de muerte en contra del tambi\u00e9n empresario de medios Amir Ibrahim.<\/p>\n<div class='share-to-whatsapp-wrapper'><div class='share-on-whsp'>Share on: <\/div><a data-text='Abren juicio contra Carlos Mimenza por amenazas de muerte contra periodista en Quintana Roo' data-link='https:\/\/visionpeninsular.com\/mid\/abren-juicio-contra-carlos-mimenza-por-amenazas-de-muerte-contra-periodista-en-quintana-roo\/' class='whatsapp-button whatsapp-share'>WhatsApp<\/a><div class='clear '><\/div><\/div>","protected":false},"excerpt":{"rendered":"<p>La Fiscal\u00eda especial para la atenci\u00f3n de delitos cometidos contra la Libertad de Expresi\u00f3n (FEADLE) de la Procuradur\u00eda general de la Rep\u00fablica (PGR), present\u00f3 acusaci\u00f3n formal contra Carlos Mimenza Novelo por la probable comisi\u00f3n del delito de amenazas contra un periodista. Atrav\u00e9s de un comunicado oficial, la PGR informa que \u201cdicho il\u00edcito, considerado como agravado &hellip;<\/p>\n","protected":false},"author":1,"featured_media":41102,"comment_status":"open","ping_status":"open","sticky":false,"template":"","format":"standard","meta":{"_mi_skip_tracking":false},"categories":[48],"tags":[5767],"_links":{"self":[{"href":"https:\/\/visionpeninsular.com\/mid\/wp-json\/wp\/v2\/posts\/41101"}],"collection":[{"href":"https:\/\/visionpeninsular.com\/mid\/wp-json\/wp\/v2\/posts"}],"about":[{"href":"https:\/\/visionpeninsular.com\/mid\/wp-json\/wp\/v2\/types\/post"}],"author":[{"embeddable":true,"href":"https:\/\/visionpeninsular.com\/mid\/wp-json\/wp\/v2\/users\/1"}],"replies":[{"embeddable":true,"href":"https:\/\/visionpeninsular.com\/mid\/wp-json\/wp\/v2\/comments?post=41101"}],"version-history":[{"count":1,"href":"https:\/\/visionpeninsular.com\/mid\/wp-json\/wp\/v2\/posts\/41101\/revisions"}],"predecessor-version":[{"id":41103,"href":"https:\/\/visionpeninsular.com\/mid\/wp-json\/wp\/v2\/posts\/41101\/revisions\/41103"}],"wp:featuredmedia":[{"embeddable":true,"href":"https:\/\/visionpeninsular.com\/mid\/wp-json\/wp\/v2\/media\/41102"}],"wp:attachment":[{"href":"https:\/\/visionpeninsular.com\/mid\/wp-json\/wp\/v2\/media?parent=41101"}],"wp:term":[{"taxonomy":"category","embeddable":true,"href":"https:\/\/visionpeninsular.com\/mid\/wp-json\/wp\/v2\/categories?post=41101"},{"taxonomy":"post_tag","embeddable":true,"href":"https:\/\/visionpeninsular.com\/mid\/wp-json\/wp\/v2\/tags?post=41101"}],"curies":[{"name":"wp","href":"https:\/\/api.w.org\/{rel}","templated":true}]}}