{"id":4100,"date":"2016-05-22T22:53:25","date_gmt":"2016-05-23T03:53:25","guid":{"rendered":"http:\/\/visionpeninsular.com\/mid\/?p=4100"},"modified":"2016-05-22T22:55:32","modified_gmt":"2016-05-23T03:55:32","slug":"personas-con-capacidades-diferentes-contaran-con-facilidades-para-votar-dicen","status":"publish","type":"post","link":"https:\/\/visionpeninsular.com\/mid\/personas-con-capacidades-diferentes-contaran-con-facilidades-para-votar-dicen\/","title":{"rendered":"Personas con capacidades diferentes contar\u00e1n con facilidades para votar, dicen"},"content":{"rendered":"<p>Los derechos pol\u00edtico-electorales de las personas con capacidades diferentes estar\u00e1n garantizadas en los comicios del 05 de junio, han externado titulares de la Comisi\u00f3n Estatal de Derechos Humanos, informaron las autoridades.<\/p>\n<p>El compromiso, es facilitar los elementos para que todas las personas voten, incluso las de capacidades diferentes, con el objetivo de eliminar las barreras que limiten este derecho. <\/p>\n<p>En este sentido, se presume que el Instituto Electoral incorpor\u00f3 material inclusivo que permitir\u00e1 a las personas con discapacidad visual votar, con instructivos y plantillas en sistema Braille, que tienen la caracter\u00edstica principal de ventanas para colocar encima de la boleta y marcar la elecci\u00f3n de su preferencia.<\/p>\n<p>Asimismo, las personas con discapacidad motriz o de talla baja, contar\u00e1n con mamparas especiales para facilitar el voto secreto.<\/p>\n<div class='share-to-whatsapp-wrapper'><div class='share-on-whsp'>Share on: <\/div><a data-text='Personas con capacidades diferentes contar\u00e1n con facilidades para votar, dicen' data-link='https:\/\/visionpeninsular.com\/mid\/personas-con-capacidades-diferentes-contaran-con-facilidades-para-votar-dicen\/' class='whatsapp-button whatsapp-share'>WhatsApp<\/a><div class='clear '><\/div><\/div>","protected":false},"excerpt":{"rendered":"<p>Los derechos pol\u00edtico-electorales de las personas con capacidades diferentes estar\u00e1n garantizadas en los comicios del 05 de junio, han externado titulares de la Comisi\u00f3n Estatal de Derechos Humanos, informaron las autoridades. El compromiso, es facilitar los elementos para que todas las personas voten, incluso las de capacidades diferentes, con el objetivo de eliminar las barreras &hellip;<\/p>\n","protected":false},"author":1,"featured_media":4102,"comment_status":"open","ping_status":"open","sticky":false,"template":"","format":"standard","meta":{"_mi_skip_tracking":false},"categories":[48],"tags":[894],"_links":{"self":[{"href":"https:\/\/visionpeninsular.com\/mid\/wp-json\/wp\/v2\/posts\/4100"}],"collection":[{"href":"https:\/\/visionpeninsular.com\/mid\/wp-json\/wp\/v2\/posts"}],"about":[{"href":"https:\/\/visionpeninsular.com\/mid\/wp-json\/wp\/v2\/types\/post"}],"author":[{"embeddable":true,"href":"https:\/\/visionpeninsular.com\/mid\/wp-json\/wp\/v2\/users\/1"}],"replies":[{"embeddable":true,"href":"https:\/\/visionpeninsular.com\/mid\/wp-json\/wp\/v2\/comments?post=4100"}],"version-history":[{"count":1,"href":"https:\/\/visionpeninsular.com\/mid\/wp-json\/wp\/v2\/posts\/4100\/revisions"}],"predecessor-version":[{"id":4101,"href":"https:\/\/visionpeninsular.com\/mid\/wp-json\/wp\/v2\/posts\/4100\/revisions\/4101"}],"wp:featuredmedia":[{"embeddable":true,"href":"https:\/\/visionpeninsular.com\/mid\/wp-json\/wp\/v2\/media\/4102"}],"wp:attachment":[{"href":"https:\/\/visionpeninsular.com\/mid\/wp-json\/wp\/v2\/media?parent=4100"}],"wp:term":[{"taxonomy":"category","embeddable":true,"href":"https:\/\/visionpeninsular.com\/mid\/wp-json\/wp\/v2\/categories?post=4100"},{"taxonomy":"post_tag","embeddable":true,"href":"https:\/\/visionpeninsular.com\/mid\/wp-json\/wp\/v2\/tags?post=4100"}],"curies":[{"name":"wp","href":"https:\/\/api.w.org\/{rel}","templated":true}]}}