{"id":40970,"date":"2018-06-01T07:39:07","date_gmt":"2018-06-01T12:39:07","guid":{"rendered":"http:\/\/visionpeninsular.com\/mid\/?p=40970"},"modified":"2018-06-01T07:39:07","modified_gmt":"2018-06-01T12:39:07","slug":"megatormenta-electrica-en-cancun","status":"publish","type":"post","link":"https:\/\/visionpeninsular.com\/mid\/megatormenta-electrica-en-cancun\/","title":{"rendered":"Megatormenta el\u00e9ctrica en Canc\u00fan"},"content":{"rendered":"<p><strong>Canc\u00fan<\/strong>.- Inundaciones, ramas ca\u00eddas y autos varados dej\u00f3 la tormenta el\u00e9ctrica que vivi\u00f3 Canc\u00fan entre la 6 y 9 de la ma\u00f1ana, al subir hasta 52.6 mm el agua de lluvia acumulada en las principales v\u00edas de comunicaci\u00f3n de la ciudad, que se tornaron simplemente intransitables.<\/p>\n<p>Una brigada de Protecci\u00f3n Civil, Servicios P\u00fablicos y Bomberos se abocaron a trabajar en los puntos susceptibles de inundaciones una vez que la tormenta el\u00e9ctrica dej\u00f3 de ser un riesgo, a fin de quitar la basura en pozos y drenajes para el r\u00e1pido desag\u00fce de la zona.<\/p>\n<p>La vaguada sobre la Pen\u00ednsula de Yucat\u00e1n, seg\u00fan Protecci\u00f3n Civil provocar\u00e1 que contin\u00fae las condiciones de precipitaci\u00f3n durante las pr\u00f3ximas horas en las porciones norte y centro de Quintana Roo, de manera que se toman las previsiones necesarias en la poblaci\u00f3n para evitar accidentes.<\/p>\n<p>Como es costumbre, las v\u00edas que sufrieron mayor afectaci\u00f3n al formarse enormes lagunas tanto en la zona centro como en regiones populares son: Las avenidas L\u00f3pez Portillo, Chich\u00e9n Itz\u00e1, La Luna, Uxmal, Yaxchil\u00e1n, Kabah, entre otras zonas como las ubicadas en la Lombardo Toledano, Donceles 28.<\/p>\n<div class='share-to-whatsapp-wrapper'><div class='share-on-whsp'>Share on: <\/div><a data-text='Megatormenta el\u00e9ctrica en Canc\u00fan' data-link='https:\/\/visionpeninsular.com\/mid\/megatormenta-electrica-en-cancun\/' class='whatsapp-button whatsapp-share'>WhatsApp<\/a><div class='clear '><\/div><\/div>","protected":false},"excerpt":{"rendered":"<p>Canc\u00fan.- Inundaciones, ramas ca\u00eddas y autos varados dej\u00f3 la tormenta el\u00e9ctrica que vivi\u00f3 Canc\u00fan entre la 6 y 9 de la ma\u00f1ana, al subir hasta 52.6 mm el agua de lluvia acumulada en las principales v\u00edas de comunicaci\u00f3n de la ciudad, que se tornaron simplemente intransitables. Una brigada de Protecci\u00f3n Civil, Servicios P\u00fablicos y Bomberos &hellip;<\/p>\n","protected":false},"author":1,"featured_media":40971,"comment_status":"open","ping_status":"open","sticky":false,"template":"","format":"standard","meta":{"_mi_skip_tracking":false},"categories":[48],"tags":[11217],"_links":{"self":[{"href":"https:\/\/visionpeninsular.com\/mid\/wp-json\/wp\/v2\/posts\/40970"}],"collection":[{"href":"https:\/\/visionpeninsular.com\/mid\/wp-json\/wp\/v2\/posts"}],"about":[{"href":"https:\/\/visionpeninsular.com\/mid\/wp-json\/wp\/v2\/types\/post"}],"author":[{"embeddable":true,"href":"https:\/\/visionpeninsular.com\/mid\/wp-json\/wp\/v2\/users\/1"}],"replies":[{"embeddable":true,"href":"https:\/\/visionpeninsular.com\/mid\/wp-json\/wp\/v2\/comments?post=40970"}],"version-history":[{"count":1,"href":"https:\/\/visionpeninsular.com\/mid\/wp-json\/wp\/v2\/posts\/40970\/revisions"}],"predecessor-version":[{"id":40972,"href":"https:\/\/visionpeninsular.com\/mid\/wp-json\/wp\/v2\/posts\/40970\/revisions\/40972"}],"wp:featuredmedia":[{"embeddable":true,"href":"https:\/\/visionpeninsular.com\/mid\/wp-json\/wp\/v2\/media\/40971"}],"wp:attachment":[{"href":"https:\/\/visionpeninsular.com\/mid\/wp-json\/wp\/v2\/media?parent=40970"}],"wp:term":[{"taxonomy":"category","embeddable":true,"href":"https:\/\/visionpeninsular.com\/mid\/wp-json\/wp\/v2\/categories?post=40970"},{"taxonomy":"post_tag","embeddable":true,"href":"https:\/\/visionpeninsular.com\/mid\/wp-json\/wp\/v2\/tags?post=40970"}],"curies":[{"name":"wp","href":"https:\/\/api.w.org\/{rel}","templated":true}]}}